[{"@context":"https:\/\/schema.org\/","@type":"Article","@id":"https:\/\/www.insaan.cz\/bajecne-leto-v-ceskych-budejovicich\/#Article","mainEntityOfPage":"https:\/\/www.insaan.cz\/bajecne-leto-v-ceskych-budejovicich\/","headline":"B\u00e1je\u010dn\u00e9 l\u00e9to v \u010cesk\u00fdch Bud\u011bjovic\u00edch","name":"B\u00e1je\u010dn\u00e9 l\u00e9to v \u010cesk\u00fdch Bud\u011bjovic\u00edch","description":"V\u00edte, \u017ee m\u016f\u017eete pro\u017e\u00edt b\u00e1je\u010dnou dovolenou i tehdy, zajist\u00edte-li si levn\u00e9 ubytov\u00e1n\u00ed v \u010cesk\u00fdch Bud\u011bjovic\u00edch https:\/\/www.penzionurudolfa.cz\/? Nemus\u00edte samoz\u0159ejm\u011b","datePublished":"2024-02-12","dateModified":"2024-03-12","author":{"@type":"Person","@id":"https:\/\/www.insaan.cz\/author\/#Person","name":"","url":"https:\/\/www.insaan.cz\/author\/","identifier":1,"image":{"@type":"ImageObject","@id":"https:\/\/secure.gravatar.com\/avatar\/91b1fc57487c55a66a7777af0dd690bf69c571b4a9b15cda0db8854a78b7888c?s=96&d=mm&r=g","url":"https:\/\/secure.gravatar.com\/avatar\/91b1fc57487c55a66a7777af0dd690bf69c571b4a9b15cda0db8854a78b7888c?s=96&d=mm&r=g","height":96,"width":96}},"publisher":{"@type":"Organization","name":"insaan.cz","logo":{"@type":"ImageObject","@id":"\/logo.png","url":"\/logo.png","width":600,"height":60}},"image":{"@type":"ImageObject","@id":"https:\/\/www.insaan.cz\/wp-content\/uploads\/transmitter-661055_640_7.jpg","url":"https:\/\/www.insaan.cz\/wp-content\/uploads\/transmitter-661055_640_7.jpg","height":0,"width":0},"url":"https:\/\/www.insaan.cz\/bajecne-leto-v-ceskych-budejovicich\/","about":["Slu\u017eby"],"wordCount":442,"articleBody":"   V\u00edte, \u017ee m\u016f\u017eete pro\u017e\u00edt b\u00e1je\u010dnou dovolenou i tehdy, zajist\u00edte-li si levn\u00e9 ubytov\u00e1n\u00ed v \u010cesk\u00fdch Bud\u011bjovic\u00edch https:\/\/www.penzionurudolfa.cz\/? Nemus\u00edte samoz\u0159ejm\u011b bydlet nikde v panel\u00e1ku nebo na ru\u0161n\u00e9 autostr\u00e1d\u011b, m\u00e1me sp\u00ed\u0161e na mysli okrajovou \u010d\u00e1st m\u011bsta, v bl\u00edzkosti m\u011bstsk\u00e9ho parku Stromovka, odkud lze vyr\u00e1\u017eet na celodenn\u00ed v\u00fdlety nebo se proch\u00e1zet v parku, \u010di pod\u00e9l Vltavy a Mal\u0161e. \u010cesk\u00e9 Bud\u011bjovice pat\u0159\u00ed ke klenot\u016fm na\u0161\u00ed zem\u011b proto, \u017ee se nach\u00e1z\u00ed ve velmi malebn\u00e9m prost\u0159ed\u00ed, a z\u00e1rove\u0148 historick\u00e9 j\u00e1dro m\u011bsta se za\u0159adilo na seznam m\u011bstsk\u00fdch pam\u00e1tkov\u00fdch rezervac\u00ed.Co bychom v\u00e1m r\u00e1di doporu\u010dili, je p\u0159edev\u0161\u00edm soust\u0159edit pozornost na \u0159eku Vltavu, jej\u00ed bezprost\u0159edn\u00ed okol\u00ed, a na poho\u0159\u00ed zvan\u00e9 Blansk\u00fd les s nejvy\u0161\u0161\u00edm vrcholem Kle\u0165. Tam byste si m\u011bli napl\u00e1novat v\u011bt\u0161inu sv\u00fdch v\u00fdlet\u016f, i kdy\u017e je samoz\u0159ejm\u011b l\u00e1kav\u00fd ter\u00e9n T\u0159ebo\u0148sk\u00e9 p\u00e1nve, ide\u00e1ln\u00ed zejm\u00e9na pro za\u010d\u00ednaj\u00edc\u00ed a rekrea\u010dn\u00ed cyklisty. Vltavu doporu\u010dujeme prozkoumat tak\u00e9 p\u0159i j\u00edzd\u011b a kole, anebo autem, p\u0159\u00edpadn\u011b lze pronajmout k\u00e1noe a splout si \u00fasek z Vy\u0161\u0161\u00edho Brodu a\u017e do \u010cesk\u00fdch Bud\u011bjovic, kde budete m\u00edt zaji\u0161t\u011bn\u00e9 ubytov\u00e1n\u00ed pro z\u00e1v\u011br va\u0161\u00ed plavby. N\u011bkter\u00e1 m\u00edsta skute\u010dn\u011b stoj\u00ed za alespo\u0148 kr\u00e1tk\u00e9 zastaven\u00ed, proto\u017ee se s ni\u010d\u00edm podobn\u00fdm nikde na t\u00e9to planet\u011b nesetk\u00e1te:Kle\u0165 \u2013 z Kleti je tak podmaniv\u00fd v\u00fdhled do Blansk\u00e9ho lesa a \u010ceskobud\u011bjovick\u00e9 p\u00e1nve, \u017ee byste si m\u011bli s sebou vz\u00edt kvalitn\u00ed fotoapar\u00e1t. Stoj\u00ed za to se tam vypravit za slune\u010dn\u00e9ho po\u010das\u00ed se st\u0159edn\u00ed obla\u010dnost\u00ed (altokumuly), kter\u00e1 tamn\u00ed prost\u0159ed\u00ed b\u00e1je\u010dn\u011b zpest\u0159\u00ed.Pam\u00e1tky na Vltav\u011b \u2013 vyplat\u00ed se na cel\u00fd den vz\u00edt auto a dojet a\u017e k z\u00e1mku v Hlubok\u00e9 nad Vltavou, ke kl\u00e1\u0161teru zlat\u00e1 Koruna, ke z\u0159\u00edcenin\u011b hradu D\u00edv\u010d\u00ed K\u00e1men, k b\u00fdval\u00e9mu keltsk\u00e9mu oppidu v T\u0159\u00edsov\u011b, k hradu Ro\u017emberk nad Vltavou, do \u010cesk\u00e9ho Krumlova a ke kl\u00e1\u0161teru ve Vy\u0161\u0161\u00edm Brod\u011b. Tyto jedine\u010dn\u00e9 skvosty pat\u0159\u00ed k nejkr\u00e1sn\u011bj\u0161\u00edm pam\u00e1tk\u00e1m jiho\u010desk\u00e9ho regionu. Mo\u017en\u00e1, \u017ee se v\u00e1m odtud nebude cht\u00edt odjet dom\u016f, a t\u0159eba se v\u00e1m tu zal\u00edb\u00ed tak, \u017ee si tu budete cht\u00edt koupit nemovitost a \u017e\u00edt tu natrvalo.                                                                                                                                                                                                                                                                                                                                                                                          4\/5 - (8 votes)        "},{"@context":"https:\/\/schema.org\/","@type":"BreadcrumbList","itemListElement":[{"@type":"ListItem","position":1,"name":"B\u00e1je\u010dn\u00e9 l\u00e9to v \u010cesk\u00fdch Bud\u011bjovic\u00edch","item":"https:\/\/www.insaan.cz\/bajecne-leto-v-ceskych-budejovicich\/#breadcrumbitem"}]}]