[{"@context":"https:\/\/schema.org\/","@type":"Article","@id":"https:\/\/www.insaan.cz\/kazda-zena-potrebuje-svuj-sperk\/#Article","mainEntityOfPage":"https:\/\/www.insaan.cz\/kazda-zena-potrebuje-svuj-sperk\/","headline":"Ka\u017ed\u00e1 \u017eena pot\u0159ebuje sv\u016fj \u0161perk.","name":"Ka\u017ed\u00e1 \u017eena pot\u0159ebuje sv\u016fj \u0161perk.","description":"A tak se p\u0159es fotky svetr\u016f, r\u016f\u017eov\u00e9ho sk\u00e1kac\u00edho slona a tahac\u00edho ka\u010dera dost\u00e1v\u00e1me k jedn\u00e9, kter\u00e1 zachycuje malou,","datePublished":"2022-01-16","dateModified":"2022-01-16","author":{"@type":"Person","@id":"https:\/\/www.insaan.cz\/author\/#Person","name":"","url":"https:\/\/www.insaan.cz\/author\/","identifier":1,"image":{"@type":"ImageObject","@id":"https:\/\/secure.gravatar.com\/avatar\/91b1fc57487c55a66a7777af0dd690bf69c571b4a9b15cda0db8854a78b7888c?s=96&d=mm&r=g","url":"https:\/\/secure.gravatar.com\/avatar\/91b1fc57487c55a66a7777af0dd690bf69c571b4a9b15cda0db8854a78b7888c?s=96&d=mm&r=g","height":96,"width":96}},"publisher":{"@type":"Organization","name":"insaan.cz","logo":{"@type":"ImageObject","@id":"\/logo.png","url":"\/logo.png","width":600,"height":60}},"image":{"@type":"ImageObject","@id":"https:\/\/www.insaan.cz\/wp-content\/uploads\/diamond-g7faa4905c_1920.jpg","url":"https:\/\/www.insaan.cz\/wp-content\/uploads\/diamond-g7faa4905c_1920.jpg","height":0,"width":0},"url":"https:\/\/www.insaan.cz\/kazda-zena-potrebuje-svuj-sperk\/","about":["\u017dena"],"wordCount":597,"articleBody":"   A tak se p\u0159es fotky svetr\u016f, r\u016f\u017eov\u00e9ho sk\u00e1kac\u00edho slona a tahac\u00edho ka\u010dera dost\u00e1v\u00e1me k jedn\u00e9, kter\u00e1 zachycuje malou, \u010dervenou krabi\u010dku. Hned n\u00e1sleduj\u00edc\u00ed fotka p\u0159ibli\u017euje jej\u00ed obsah. Mal\u00e9 zlat\u00e9 n\u00e1u\u0161ni\u010dky. Mus\u00edm p\u0159iznat, \u017ee na tu dobu byly velmi origin\u00e1ln\u00ed. Bohu\u017eel netrvalo dlouho a jedna z n\u00e1u\u0161ni\u010dek byla nav\u017edy ztracena. P\u0159i\u0161ly \u0161est\u00e9 narozeniny a s nimi n\u00e1stup do \u0161koly. \u201eTady m\u00e1\u0161 n\u011bco pro \u0161t\u011bst\u00ed\u201c \u0159ekli mi rodi\u010de a hrd\u011b mi pod\u00e1vali pe\u010dliv\u011b zabalenou krabi\u010dku. Ukr\u00fdvala kr\u00e1sn\u00fd st\u0159\u00edbrn\u00fd set n\u00e1u\u0161nic a \u0159et\u00edzku s p\u0159\u00edv\u011bskem l\u017ei\u010dky. \u201eJen\u017ee j\u00e1 cht\u011bla tu novou panenku, co tak kr\u00e1sn\u011b otv\u00edr\u00e1 a zav\u00edr\u00e1 o\u010di\u201c! Od t\u00e9 doby jsem ve\u0161ker\u00e9 vitr\u00edny se \u0161perky obch\u00e1zela obloukem. Stejn\u011b by se k m\u00e9 \u010dern\u00e9 vytahan\u00e9 mikin\u011b a kalhot\u00e1m s rozkrokem u kolen nehodily. \u010casto jsem sl\u00fdchala, \u017ee se m\u00e1m obl\u00e9kat v\u00edc \u017eensky a pou\u017e\u00edvat aspo\u0148 \u0159asenku. Ka\u017ed\u00e9 narozeniny se n\u011bkdo ochotn\u011b nab\u00edzel, jestli nezajdeme vybrat n\u011bjak\u00fd n\u00e1ramek, \u0159et\u00edzek nebo n\u00e1u\u0161nice. Se znechucen\u00fdm v\u00fdrazem jsem odm\u00edtala. Jen\u017ee \u010dlov\u011bk se m\u011bn\u00ed, osobnost se vyv\u00edj\u00ed. Kamar\u00e1dky si u\u017e\u00edvaly prvn\u00ed rand\u011bn\u00ed a m\u011b p\u0159est\u00e1valo bavit kopat s kluky za bar\u00e1kem do m\u00ed\u010de. \u201eMami nevyraz\u00edme si na n\u00e1kupy?\u201c \u0158ekla jsem takhle jednou p\u0159i ve\u010de\u0159i. Mamince radost\u00ed zasko\u010dilo. Vyrazily jsme hned n\u00e1sleduj\u00edc\u00ed den. A tak vytahan\u00e9 mikiny nahradily p\u0159il\u00e9hav\u00e1 tri\u010dka, halenky a taky jedna sukn\u011b p\u0159ibyla v m\u00e9m \u0161atn\u00edku. Jen t\u011bm dopl\u0148k\u016fm jsem st\u00e1le nep\u0159i\u0161la n\u011bjak na chu\u0165. Ne, \u017ee bych snad necht\u011bla, ale nena\u0161la jsem nic, co by ve m\u011b vzbudilo onen WOW efekt.  \u201eAhoj!\u201c zdrav\u00edm svoj\u00ed kamar\u00e1dku Pavlu. Pavla ke mn\u011b b\u011b\u017e\u00ed a \u0161ermuje mi rukou p\u0159ed obli\u010dejem. Nech\u00e1pav\u011b na ni z\u00edr\u00e1m. Pavla mi nad\u0161en\u011b ukazuje prsten\u00ed\u010dek. \u201eHonza m\u011b po\u017e\u00e1dal o ruku, v \u010dervnu bude svatba.\u201c \u0159\u00edk\u00e1 a na prst\u011b se j\u00ed leskne z\u00e1snubn\u00ed prsten s mal\u00fdm diamantem. \u201eGratuluju!\u201c odpov\u00edd\u00e1m a m\u00e1m spolu s Pavlou up\u0159\u00edmnou radost. Sed\u00edme v kav\u00e1rn\u011b, pov\u00edd\u00e1me si a up\u00edj\u00edme ze sv\u00fdch hrne\u010dk\u016f. Nem\u016f\u017eu z Pavly spustit o\u010di, nejen proto jak viditeln\u011b z\u00e1\u0159\u00ed \u0161t\u011bst\u00edm, ale hlavn\u011b proto co bly\u0161tiv\u00e9ho se j\u00ed pohupuje u krku. Asi po 20 minut\u00e1ch u\u017e mi to ned\u00e1 a \u0159\u00edk\u00e1m Pavle o tom, jak m\u011b zaujal jej\u00ed \u0159et\u00edzek. Pavla nejd\u0159\u00edv nev\u011b\u0159\u00ed. Zn\u00e1 m\u016fj postoj ke \u0161perk\u016fm. T\u0159ikr\u00e1t j\u00ed mus\u00edm uji\u0161\u0165ovat, \u017ee to mysl\u00edm v\u00e1\u017en\u011b. Pavla mi vypr\u00e1v\u00ed p\u0159\u00edb\u011bh tohoto \u0161perku, jedn\u00e1 se o zak\u00e1zkovou v\u00fdrobu od firmy pan\u00ed Ad\u00e9ly Vom\u00e1\u010dkov\u00e9. Hned po p\u0159\u00edchodu dom\u016f jsem zabrouzdala na internetov\u00e9 str\u00e1nky. Jsem velmi mile p\u0159ekvapena, ty \u0161perky maj\u00ed p\u0159\u00edb\u011bh, ty \u0161perky vyjad\u0159uj\u00ed charakter, ty \u0161perky jsou m\u016fj dlouho hledan\u00fd WOW efekt. A tak se ke mn\u011b dostal m\u016fj prvn\u00ed origin\u00e1ln\u00ed \u0161perk. A st\u00e1lo to za to, podle slov moj\u00ed maminky jsem kone\u010dn\u011b \u017eena, proto\u017ee ka\u017ed\u00e1 \u017eena pot\u0159ebuje sv\u016fj \u0161perk.                                                                                                                                                                                                                                                                                                                                                                                           5\/5 - (1 vote)        "},{"@context":"https:\/\/schema.org\/","@type":"BreadcrumbList","itemListElement":[{"@type":"ListItem","position":1,"name":"Ka\u017ed\u00e1 \u017eena pot\u0159ebuje sv\u016fj \u0161perk.","item":"https:\/\/www.insaan.cz\/kazda-zena-potrebuje-svuj-sperk\/#breadcrumbitem"}]}]