[{"@context":"https:\/\/schema.org\/","@type":"Article","@id":"https:\/\/www.insaan.cz\/lednice-a-dalsi\/#Article","mainEntityOfPage":"https:\/\/www.insaan.cz\/lednice-a-dalsi\/","headline":"Lednice a dal\u0161\u00ed","name":"Lednice a dal\u0161\u00ed","description":"Technika v\u017edycky \u0161la mimo m\u011b. A abych se p\u0159iznala, tak mn\u011b technika nikdy ne\u0161la. A nikdy jsem techniku","datePublished":"2023-03-31","dateModified":"2023-05-31","author":{"@type":"Person","@id":"https:\/\/www.insaan.cz\/author\/#Person","name":"","url":"https:\/\/www.insaan.cz\/author\/","identifier":1,"image":{"@type":"ImageObject","@id":"https:\/\/secure.gravatar.com\/avatar\/91b1fc57487c55a66a7777af0dd690bf69c571b4a9b15cda0db8854a78b7888c?s=96&d=mm&r=g","url":"https:\/\/secure.gravatar.com\/avatar\/91b1fc57487c55a66a7777af0dd690bf69c571b4a9b15cda0db8854a78b7888c?s=96&d=mm&r=g","height":96,"width":96}},"publisher":{"@type":"Organization","name":"insaan.cz","logo":{"@type":"ImageObject","@id":"\/logo.png","url":"\/logo.png","width":600,"height":60}},"image":{"@type":"ImageObject","@id":"https:\/\/www.insaan.cz\/wp-content\/uploads\/full-fridge-1729681_1280.jpg","url":"https:\/\/www.insaan.cz\/wp-content\/uploads\/full-fridge-1729681_1280.jpg","height":0,"width":0},"url":"https:\/\/www.insaan.cz\/lednice-a-dalsi\/","about":["Technika"],"wordCount":424,"articleBody":"Technika v\u017edycky \u0161la mimo m\u011b. A abych se p\u0159iznala, tak mn\u011b technika nikdy ne\u0161la. A nikdy jsem techniku ani po\u0159\u00e1dn\u011b nepochopila. Ale tak\u00e9 jsem v\u016fbec netu\u0161ila, co se mohou vlastn\u011b u\u010dit na technick\u00fdch fakult\u00e1ch. Nen\u00ed to nuda? A abych pravdu \u0159ekla, tak sice techniku v\u016fbec nech\u00e1pu a nerozum\u00edm tomu, ale \u0159eknu v\u00e1m, \u017ee bez techniky j\u00e1 osobn\u011b u\u017e bych b\u00fdt nemohla. I kdy\u017e technika je vlastn\u011b takov\u00e1 celosv\u011btov\u00e1 a roz\u0161\u00ed\u0159en\u00e1 a ka\u017ed\u00fd ji chv\u00e1l\u00ed, tak n\u011bkdo ji prost\u011b nemus\u00ed ch\u00e1pat, ale m\u00e1 ji r\u00e1d. A to j\u00e1 m\u00e1m techniku r\u00e1da hlavn\u011b v kuchyni, proto\u017ee si opravdu nedok\u00e1\u017ei p\u0159edstavit fakt, \u017ee bych najednou p\u0159i\u0161la o mikrovlnou troubu anebo o ledni\u010dku. V\u016fbec nev\u00edm, co bych d\u011blala, kdybych nem\u011bla kam d\u00e1vat maso a tak podobn\u011b. Mo\u017en\u00e1 by to \u0161lo vy\u0159e\u0161it v zim\u011b, proto\u017ee to by se dalo v zim\u011b d\u00e1t za okno a bylo by to v pohod\u011b. Jenom\u017ee co v l\u00e9t\u011b? V l\u00e9t\u011b nech\u00e1te n\u011bkde chvilku maso a u\u017e to zap\u00e1ch\u00e1 a je zka\u017een\u00e9. Tak\u017ee opravdu nev\u00edm, co j\u00e1 osobn\u011b bych d\u011blala, kdybych nem\u011bla ledni\u010dku anebo mikrovlnou troubu. J\u00e1 se p\u0159izn\u00e1m, m\u011b moc nebav\u00ed va\u0159it. Tak\u017ee kdy\u017e n\u011bco uva\u0159\u00edm, tak to ud\u011bl\u00e1m t\u0159eba na dva nebo na t\u0159i dny, co\u017e potom oh\u0159\u00edv\u00e1me postupn\u011b v mikrovlnn\u00e9 troub\u011b. Tak\u017ee si opravuje nedok\u00e1\u017ee p\u0159edstavit fakt, \u017ee bych vlastn\u011b ka\u017edou porci musela oh\u0159\u00edvat na spor\u00e1ku znovu a znovu.To by znamenalo, \u017ee by to zabralo tak\u00e9 v\u00edce \u010dasu a tak\u00e9 by to zabralo v\u00edce n\u00e1dob\u00ed. Tak\u017ee bych tak\u00e9 st\u00e1le dokola musela um\u00fdvat n\u00e1dob\u00ed, proto\u017ee jinak by tam toho byla velik\u00e1 hora. Tak\u00e9 by m\u011b z techniky chyb\u011bla hlavn\u011b my\u010dka n\u00e1dob\u00ed. To je taky takov\u00e1 skv\u011bl\u00e1 pom\u016fcka, kter\u00e1 u\u0161et\u0159ili lidem \u010das a tak\u00e9 spoustu energie. Sta\u010d\u00ed potom jenom umyt\u00e9 n\u00e1dob\u00ed vyt\u00e1hnout a m\u00e1te uklizeno. No nen\u00ed tohle skv\u011bl\u00e9? Podle m\u00e9ho n\u00e1zoru ano.\u00a0 A bez jak\u00e9ho spot\u0159ebi\u010de v kuchyni byste se neobe\u0161li vy a pou\u017e\u00edv\u00e1te ho ka\u017ed\u00fd den? Moje m\u00e1ma \u0159\u00edk\u00e1, \u017ee by se neobe\u0161la bez sv\u00e9 my\u010dky n\u00e1dob\u00ed.                                                                                                                                                                                                                                                                                                                                                                                        4.2\/5 - (6 votes)        "},{"@context":"https:\/\/schema.org\/","@type":"BreadcrumbList","itemListElement":[{"@type":"ListItem","position":1,"name":"Lednice a dal\u0161\u00ed","item":"https:\/\/www.insaan.cz\/lednice-a-dalsi\/#breadcrumbitem"}]}]