[{"@context":"https:\/\/schema.org\/","@type":"Article","@id":"https:\/\/www.insaan.cz\/letni-dovolena-v-jesenikach\/#Article","mainEntityOfPage":"https:\/\/www.insaan.cz\/letni-dovolena-v-jesenikach\/","headline":"Letn\u00ed dovolen\u00e1 v Jesen\u00edk\u00e1ch","name":"Letn\u00ed dovolen\u00e1 v Jesen\u00edk\u00e1ch","description":"Jesen\u00edky jsou vyhl\u00e1\u0161en\u00e9 p\u0159edev\u0161\u00edm jako destinace pro zimn\u00ed dovolenou ale stejn\u011b jako i jin\u00e9 hory v\u00e1m maj\u00ed co","datePublished":"2019-06-23","dateModified":"2019-06-23","author":{"@type":"Person","@id":"https:\/\/www.insaan.cz\/author\/#Person","name":"","url":"https:\/\/www.insaan.cz\/author\/","identifier":1,"image":{"@type":"ImageObject","@id":"https:\/\/secure.gravatar.com\/avatar\/91b1fc57487c55a66a7777af0dd690bf69c571b4a9b15cda0db8854a78b7888c?s=96&d=mm&r=g","url":"https:\/\/secure.gravatar.com\/avatar\/91b1fc57487c55a66a7777af0dd690bf69c571b4a9b15cda0db8854a78b7888c?s=96&d=mm&r=g","height":96,"width":96}},"publisher":{"@type":"Organization","name":"insaan.cz","logo":{"@type":"ImageObject","@id":"\/logo.png","url":"\/logo.png","width":600,"height":60}},"image":{"@type":"ImageObject","@id":"https:\/\/www.insaan.cz\/wp-content\/uploads\/img_a347120_w2960_t1561282636.jpg","url":"https:\/\/www.insaan.cz\/wp-content\/uploads\/img_a347120_w2960_t1561282636.jpg","height":0,"width":0},"url":"https:\/\/www.insaan.cz\/letni-dovolena-v-jesenikach\/","wordCount":448,"articleBody":"Jesen\u00edky jsou vyhl\u00e1\u0161en\u00e9 p\u0159edev\u0161\u00edm jako destinace pro zimn\u00ed dovolenou ale stejn\u011b jako i jin\u00e9 hory v\u00e1m maj\u00ed co nab\u00eddnout i v\u00a0l\u00e9t\u011b. Pokud se rozhodnete nav\u0161t\u00edvit tyto kr\u00e1sn\u00e9 hory v\u00a0l\u00e9t\u011b, pak v\u011bzte, \u017ee rozhodn\u011b nebudete litovat!V\u00fdletn\u00ed m\u00edsta V\u00a0oblasti Jesenick\u00fdch hor m\u00e1te spoustu mo\u017enost\u00ed na v\u00fdlety. Zvolit m\u016f\u017eete n\u00e1v\u0161t\u011bvy pam\u011btihodnost\u00ed, nebo historick\u00fdch m\u00edst. Ur\u010dit\u011b si nenechte uj\u00edt n\u00e1v\u0161t\u011bvu z\u00e1mku ve Velk\u00fdch Losin\u00e1ch a historick\u00e9 pap\u00edrny tamt\u00e9\u017e. Jedn\u00e1 se toti\u017e o dv\u011b cen\u011bn\u00e9 \u010desk\u00e9 pam\u00e1tky, kter\u00e9 jsou unik\u00e1tn\u00ed, a jinde je nenajdete. Nav\u0161t\u00edvit tak\u00e9 m\u016f\u017eete kr\u00e1sn\u00e9 l\u00e1zn\u011b a spojit n\u00e1v\u0161t\u011bvu s\u00a0n\u011bjakou p\u0159\u00edjemnou procedurou. Ve Velk\u00fdch Losin\u00e1ch m\u016f\u017eete tak\u00e9 nav\u0161t\u00edvit term\u00e1ln\u00ed l\u00e1zn\u011b, v\u00a0Jesenick\u00fdch l\u00e1zn\u00edch zase vyhl\u00e1\u0161en\u00fd balneo park na slunn\u00e9 str\u00e1ni. Pokud m\u00e1te r\u00e1di zv\u00ed\u0159ata, pak v\u00e1s ur\u010dit\u011b nadchne Faunapark v\u00a0Lipov\u00e9, nebo mini zoo v\u00a0Rapot\u00edn\u011b, kde najdete i zem\u011bd\u011blsk\u00fd skanzen. Tak\u00e9 jednotliv\u00e9 are\u00e1ly, kter\u00e9 v\u00a0zim\u011b nab\u00edz\u00ed ly\u017eova\u010dku, maj\u00ed sv\u016fj letn\u00ed program. V\u00a0Pet\u0159\u00edkov\u011b m\u016f\u017eete vyzkou\u0161et letn\u00ed bobovou dr\u00e1hu, na Doln\u00ed Morav\u011b zase stoj\u00ed stezka v\u00a0oblac\u00edch. Za n\u00e1v\u0161t\u011bvu tak\u00e9 stoj\u00ed Tan\u010d\u00edrna ve Zlat\u00fdch hor\u00e1ch.Hur\u00e1 na t\u00faru Jesen\u00edky jsou r\u00e1jem p\u0159edev\u0161\u00edm pro milovn\u00edky p\u011b\u0161\u00ed a cyklo turistiky. Nab\u00edz\u00ed toti\u017e obrovsk\u00e9 mno\u017estv\u00ed r\u016fzn\u00fdch turistick\u00fdch tras a cest. Nenechte si ur\u010dit\u011b uj\u00edt v\u00fdpravu na Prad\u011bd, nejvy\u0161\u0161\u00ed horu Jesen\u00edk\u016f a na horsk\u00fd masiv Mravene\u010dn\u00edk a Dlouh\u00e9 str\u00e1n\u011b. P\u0159e\u010derp\u00e1vaj\u00edc\u00ed vodn\u00ed elektr\u00e1rna Dlouh\u00e9 str\u00e1n\u011b je technick\u00fdm divem, kter\u00fd jinde tak\u00e9 nenajdete, a rozhodn\u011b stoj\u00ed za n\u00e1v\u0161t\u011bvu. Skv\u011bl\u00e1 t\u00fara je tak\u00e9 na \u0160er\u00e1k, ob\u0159\u00ed sk\u00e1ly, V\u0159esovou stud\u00e1nku, proj\u00edt se m\u016f\u017eete kolem ra\u0161elini\u0161t\u011b na Rejv\u00edzu \u010di na Sk\u0159\u00edtku, vypravit se na Keprn\u00edk, a nebo klidn\u011b p\u0159ej\u00edt cel\u00e9 h\u0159ebeny s\u00a0ba\u0165ohem na z\u00e1dech, t\u0159eba z\u00a0Ramzov\u00e9 na \u010cervenohorsk\u00e9 Sedlo.\u00a0 Samostatnou kapitolou je vyhl\u00e1\u0161en\u00fd lesn\u00ed bar v\u00a0Lipov\u00e9, kter\u00fd je kr\u00e1sn\u00fdm m\u00edstem pro odpo\u010dinek b\u011bhem letn\u00ed t\u00fary a kde si m\u016f\u017eete v\u00a0klidu vychutnat \u0161pek\u00e1\u010dek, k\u00e1vu \u010di jinou dobrotu a pokra\u010dovat d\u00e1le za sv\u00fdm c\u00edlem.                                                                                                                                                                                                                                                                                                                                                                                        4.7\/5 - (3 votes)        "},{"@context":"https:\/\/schema.org\/","@type":"BreadcrumbList","itemListElement":[{"@type":"ListItem","position":1,"name":"Letn\u00ed dovolen\u00e1 v Jesen\u00edk\u00e1ch","item":"https:\/\/www.insaan.cz\/letni-dovolena-v-jesenikach\/#breadcrumbitem"}]}]