{"@context":"https:\/\/schema.org\/","@type":"CollectionPage","@id":"https:\/\/www.insaan.cz\/lifestyle\/#CollectionPage","headline":"Lifestyle Category","description":"","url":"https:\/\/www.insaan.cz\/lifestyle\/","hasPart":[{"@type":"Article","@id":"https:\/\/www.insaan.cz\/jak-nachystat-potomka-i-sebe-na-nastup-do-1-tridy\/","headline":"Jak nachystat potomka i sebe na n\u00e1stup do 1. t\u0159\u00eddy?","url":"https:\/\/www.insaan.cz\/jak-nachystat-potomka-i-sebe-na-nastup-do-1-tridy\/","datePublished":"2023-05-28","dateModified":"2024-03-28","mainEntityOfPage":"https:\/\/www.insaan.cz\/jak-nachystat-potomka-i-sebe-na-nastup-do-1-tridy\/","author":{"@type":"Person","@id":"https:\/\/www.insaan.cz\/author\/#Person","name":"","url":"https:\/\/www.insaan.cz\/author\/","identifier":1,"image":{"@type":"ImageObject","@id":"https:\/\/secure.gravatar.com\/avatar\/91b1fc57487c55a66a7777af0dd690bf69c571b4a9b15cda0db8854a78b7888c?s=96&d=mm&r=g","url":"https:\/\/secure.gravatar.com\/avatar\/91b1fc57487c55a66a7777af0dd690bf69c571b4a9b15cda0db8854a78b7888c?s=96&d=mm&r=g","height":96,"width":96}},"publisher":{"@type":"Organization","name":"insaan.cz","logo":{"@type":"ImageObject","@id":"\/logo.png","url":"\/logo.png","width":600,"height":60}},"image":{"@type":"ImageObject","@id":"https:\/\/www.insaan.cz\/wp-content\/uploads\/children-1869265_640_1.jpg","url":"https:\/\/www.insaan.cz\/wp-content\/uploads\/children-1869265_640_1.jpg","height":0,"width":0},"keywords":null},{"@type":"Article","@id":"https:\/\/www.insaan.cz\/luxusni-zivot-ktery-by-si-prala-vetsina-lidi\/","headline":"Luxusn\u00ed \u017eivot, kter\u00fd by si p\u0159\u00e1la v\u011bt\u0161ina lid\u00ed","url":"https:\/\/www.insaan.cz\/luxusni-zivot-ktery-by-si-prala-vetsina-lidi\/","datePublished":"2023-02-25","dateModified":"2023-04-25","mainEntityOfPage":"https:\/\/www.insaan.cz\/luxusni-zivot-ktery-by-si-prala-vetsina-lidi\/","author":{"@type":"Person","@id":"https:\/\/www.insaan.cz\/author\/#Person","name":"","url":"https:\/\/www.insaan.cz\/author\/","identifier":1,"image":{"@type":"ImageObject","@id":"https:\/\/secure.gravatar.com\/avatar\/91b1fc57487c55a66a7777af0dd690bf69c571b4a9b15cda0db8854a78b7888c?s=96&d=mm&r=g","url":"https:\/\/secure.gravatar.com\/avatar\/91b1fc57487c55a66a7777af0dd690bf69c571b4a9b15cda0db8854a78b7888c?s=96&d=mm&r=g","height":96,"width":96}},"publisher":{"@type":"Organization","name":"insaan.cz","logo":{"@type":"ImageObject","@id":"\/logo.png","url":"\/logo.png","width":600,"height":60}},"image":{"@type":"ImageObject","@id":"https:\/\/www.insaan.cz\/wp-content\/uploads\/airport-gef240577c_1920.jpg","url":"https:\/\/www.insaan.cz\/wp-content\/uploads\/airport-gef240577c_1920.jpg","height":0,"width":0},"keywords":null},{"@type":"Article","@id":"https:\/\/www.insaan.cz\/nejoblibenejsi-italske-dezerty\/","headline":"Nejobl\u00edben\u011bj\u0161\u00ed italsk\u00e9 dezerty","url":"https:\/\/www.insaan.cz\/nejoblibenejsi-italske-dezerty\/","datePublished":"2023-01-27","dateModified":"2023-09-28","mainEntityOfPage":"https:\/\/www.insaan.cz\/nejoblibenejsi-italske-dezerty\/","author":{"@type":"Person","@id":"https:\/\/www.insaan.cz\/author\/#Person","name":"","url":"https:\/\/www.insaan.cz\/author\/","identifier":1,"image":{"@type":"ImageObject","@id":"https:\/\/secure.gravatar.com\/avatar\/91b1fc57487c55a66a7777af0dd690bf69c571b4a9b15cda0db8854a78b7888c?s=96&d=mm&r=g","url":"https:\/\/secure.gravatar.com\/avatar\/91b1fc57487c55a66a7777af0dd690bf69c571b4a9b15cda0db8854a78b7888c?s=96&d=mm&r=g","height":96,"width":96}},"publisher":{"@type":"Organization","name":"insaan.cz","logo":{"@type":"ImageObject","@id":"\/logo.png","url":"\/logo.png","width":600,"height":60}},"image":{"@type":"ImageObject","@id":"https:\/\/www.insaan.cz\/wp-content\/uploads\/marianna-ole-4El3DUkQs2g-unsplash.jpg","url":"https:\/\/www.insaan.cz\/wp-content\/uploads\/marianna-ole-4El3DUkQs2g-unsplash.jpg","height":0,"width":0},"keywords":null}]}