[{"@context":"https:\/\/schema.org\/","@type":"Article","@id":"https:\/\/www.insaan.cz\/odecty-z-dani-v-roce-2017\/#Article","mainEntityOfPage":"https:\/\/www.insaan.cz\/odecty-z-dani-v-roce-2017\/","headline":"Ode\u010dty z dan\u00ed v roce 2017","name":"Ode\u010dty z dan\u00ed v roce 2017","description":"Ode\u010ditateln\u00fdmi polo\u017ekami jsou v\u0161echny polo\u017eky, kter\u00e9 je mo\u017en\u00e9 ode\u010d\u00edtat od z\u00e1kladu dan\u011b. A\u017e pot\u00e9, co si z\u00e1klad sn\u00ed\u017e\u00edte","datePublished":"2025-03-04","dateModified":"2025-03-04","author":{"@type":"Person","@id":"https:\/\/www.insaan.cz\/author\/#Person","name":"","url":"https:\/\/www.insaan.cz\/author\/","identifier":1,"image":{"@type":"ImageObject","@id":"https:\/\/secure.gravatar.com\/avatar\/91b1fc57487c55a66a7777af0dd690bf69c571b4a9b15cda0db8854a78b7888c?s=96&d=mm&r=g","url":"https:\/\/secure.gravatar.com\/avatar\/91b1fc57487c55a66a7777af0dd690bf69c571b4a9b15cda0db8854a78b7888c?s=96&d=mm&r=g","height":96,"width":96}},"publisher":{"@type":"Organization","name":"insaan.cz","logo":{"@type":"ImageObject","@id":"\/logo.png","url":"\/logo.png","width":600,"height":60}},"image":{"@type":"ImageObject","@id":"https:\/\/www.insaan.cz\/wp-content\/uploads\/img_a288179_w1702_t1498661292.jpg","url":"https:\/\/www.insaan.cz\/wp-content\/uploads\/img_a288179_w1702_t1498661292.jpg","height":0,"width":0},"url":"https:\/\/www.insaan.cz\/odecty-z-dani-v-roce-2017\/","wordCount":489,"articleBody":"Ode\u010ditateln\u00fdmi polo\u017ekami jsou v\u0161echny polo\u017eky, kter\u00e9 je mo\u017en\u00e9 ode\u010d\u00edtat od z\u00e1kladu dan\u011b. A\u017e pot\u00e9, co si z\u00e1klad sn\u00ed\u017e\u00edte pr\u00e1v\u011b o tyto polo\u017eky, se ze zbytku spo\u010d\u00edt\u00e1 15% da\u0148 z p\u0159\u00edjmu.\u2022\u00a0\u00a0\u00a0 Odpo\u010det \u00farok\u016fM\u00e1te-li i vy hypot\u00e9ku nebo spl\u00e1c\u00edte-li \u00fav\u011br ze stavebn\u00edho spo\u0159en\u00ed, je mo\u017en\u00e9 si v leto\u0161n\u00edm roce ode\u010d\u00edst v r\u00e1mci jedn\u00e9 dom\u00e1cnosti ze v\u0161ech \u00fav\u011br\u016f, a\u017e t\u0159i sta tis\u00edc korun, co\u017e ve v\u00fdsledku tedy znamen\u00e1 a\u017e \u010dty\u0159icet p\u011bt tis\u00edc korun m\u00e9n\u011b na dani z p\u0159\u00edjmu. Dbejte v\u0161ak na to, \u017ee lze ode\u010d\u00edtat vyu\u017e\u00edt pouze \u00faroky, nikoli celou v\u00fd\u0161i spl\u00e1tky. Potvrzen\u00ed o v\u00fd\u0161i t\u011bchto \u00farok\u016f za rok v\u00e1m va\u0161e banka \u010di spo\u0159itelna zas\u00edl\u00e1 na po\u010d\u00e1tku roku. Pokud by v\u00e1m nep\u0159i\u0161lo, rad\u011bji si o n\u011bj za\u017e\u00e1dejte a p\u0159ilo\u017ete je k da\u0148ov\u00e9mu p\u0159izn\u00e1n\u00ed.\u2022\u00a0\u00a0\u00a0 Odpo\u010det z penzijn\u00edho p\u0159ipoji\u0161t\u011bn\u00edV\u011bt\u0161ina z n\u00e1s si plat\u00ed penzijn\u00ed p\u0159ipoji\u0161t\u011bn\u00ed a k n\u011bmu pak dost\u00e1v\u00e1 st\u00e1n\u00ed p\u0159\u00edsp\u011bvek. Z da\u0148ov\u00e9ho z\u00e1kladu si m\u016f\u017eete ode\u010d\u00edst a\u017e dvan\u00e1ct tis\u00edc korun ro\u010dn\u011b. To v\u0161ak zcela z\u00e1vis\u00ed na v\u00fd\u0161i p\u0159\u00edsp\u011bvk\u016f na toto p\u0159ipoji\u0161t\u011bn\u00ed, kte\u0159\u00ed jste si platili sami (nikoli, kter\u00e9 v\u00e1m nap\u0159\u00edklad zaplatil zam\u011bstnavatel). Za rok 2016 tak m\u016f\u017eete dostat toto sn\u00ed\u017een\u00ed pouze v p\u0159\u00edpad\u011b, \u017ee jste zaplatili minim\u00e1ln\u011b pr\u00e1v\u011b t\u011bchto dvan\u00e1ct tis\u00edc. Maximum je v\u0161ak dvacet \u010dty\u0159i tis\u00edc.\u2022\u00a0\u00a0\u00a0 Odpo\u010det ze \u017eivotn\u00edho spo\u0159en\u00ed\u017divotn\u00ed poji\u0161t\u011bn\u00ed je tak\u00e9 dobr\u00e9 v tom, \u017ee pokud m\u00e1te poji\u0161\u0165ovac\u00ed \u010d\u00e1st i na \u017eivotn\u00ed poji\u0161t\u011bn\u00ed (nikoli investi\u010dn\u00ed \u010d\u00e1st), m\u016f\u017eete si ze z\u00e1kladu dan\u011b ode\u010d\u00edst a\u017e dvan\u00e1ct tis\u00edc korun. Pokud m\u00e1te v\u00edce pojistek, m\u016f\u017eete je uplatnit v\u0161echny do maxim\u00e1ln\u00ed v\u00fd\u0161e tedy uveden\u00fdch dvan\u00e1cti tis\u00edc korun.\u2022\u00a0\u00a0\u00a0 Odpo\u010det za \u010dlensk\u00e9 p\u0159\u00edsp\u011bvkyPokud jste odborov\u00e9 organizaci zaplatili \u010dlensk\u00e9 p\u0159\u00edsp\u011bvky, tak\u00e9 tyto m\u016f\u017eete ode\u010d\u00edst z dan\u011b maxim\u00e1ln\u011b v\u0161ak do v\u00fd\u0161e t\u0159i tis\u00edce korun.\u2022\u00a0\u00a0 Odpo\u010det za dary\u2022\u00a0\u00a0 Odpo\u010det da\u0148ov\u00e9 ztr\u00e1ty\u2022\u00a0\u00a0 Odpo\u010det za vzd\u011bl\u00e1v\u00e1n\u00edTedy i v roce 2017 m\u016f\u017eete na dan\u00edch zaplatit mo\u017en\u00e1 mnohem m\u00e9n\u011b, ne\u017e je patn\u00e1ct procent z va\u0161ich p\u0159\u00edjm\u016f. Ur\u010dit\u011b ka\u017ed\u00fd rok sledujte novinky v t\u00e9to oblasti, proto\u017ee v\u00e1m mohou v r\u00e1mci rodinn\u00e9ho nebo i osobn\u00edho rozpo\u010dtu ur\u010dit\u011b ud\u011blat minim\u00e1ln\u011b radost.                                                                                                                                                                                                                                                                                                                                                                                        4.5\/5 - (2 votes)        "},{"@context":"https:\/\/schema.org\/","@type":"BreadcrumbList","itemListElement":[{"@type":"ListItem","position":1,"name":"Ode\u010dty z dan\u00ed v roce 2017","item":"https:\/\/www.insaan.cz\/odecty-z-dani-v-roce-2017\/#breadcrumbitem"}]}]