[{"@context":"https:\/\/schema.org\/","@type":"Blog","@id":"https:\/\/www.insaan.cz#Blog","headline":"Insaan","description":"\nKa\u017ed\u00e9mu z lid\u00ed by m\u011blo j\u00edt v\u017edy a v\u0161ude o kvalitu a spolehlivost nab\u00eddek. A jestli lze n\u011bkde v\u00fdhradn\u011b takov\u00e9 nab\u00eddky naj\u00edt, je to na tomto webu.","url":"https:\/\/www.insaan.cz","hasPart":[{"@type":"Article","@id":"https:\/\/www.insaan.cz\/pysna-mama\/","headline":"Py\u0161n\u00e1 m\u00e1ma","url":"https:\/\/www.insaan.cz\/pysna-mama\/","datePublished":"2023-01-10","dateModified":"2023-05-18","mainEntityOfPage":"https:\/\/www.insaan.cz\/pysna-mama\/","author":{"@type":"Person","@id":"https:\/\/www.insaan.cz\/author\/#Person","name":"","url":"https:\/\/www.insaan.cz\/author\/","identifier":1,"image":{"@type":"ImageObject","@id":"https:\/\/secure.gravatar.com\/avatar\/91b1fc57487c55a66a7777af0dd690bf69c571b4a9b15cda0db8854a78b7888c?s=96&d=mm&r=g","url":"https:\/\/secure.gravatar.com\/avatar\/91b1fc57487c55a66a7777af0dd690bf69c571b4a9b15cda0db8854a78b7888c?s=96&d=mm&r=g","height":96,"width":96}},"publisher":{"@type":"Organization","name":"insaan.cz","logo":{"@type":"ImageObject","@id":"\/logo.png","url":"\/logo.png","width":600,"height":60}},"image":{"@type":"ImageObject","@id":"https:\/\/www.insaan.cz\/wp-content\/uploads\/baby-1151351_960_720_1.jpg","url":"https:\/\/www.insaan.cz\/wp-content\/uploads\/baby-1151351_960_720_1.jpg","height":0,"width":0},"wordCount":533,"keywords":null},{"@type":"Article","@id":"https:\/\/www.insaan.cz\/nevyhody-lidskeho-tela\/","headline":"Nev\u00fdhody lidsk\u00e9ho t\u011bla","url":"https:\/\/www.insaan.cz\/nevyhody-lidskeho-tela\/","datePublished":"2023-01-09","dateModified":"2023-05-10","mainEntityOfPage":"https:\/\/www.insaan.cz\/nevyhody-lidskeho-tela\/","author":{"@type":"Person","@id":"https:\/\/www.insaan.cz\/author\/#Person","name":"","url":"https:\/\/www.insaan.cz\/author\/","identifier":1,"image":{"@type":"ImageObject","@id":"https:\/\/secure.gravatar.com\/avatar\/91b1fc57487c55a66a7777af0dd690bf69c571b4a9b15cda0db8854a78b7888c?s=96&d=mm&r=g","url":"https:\/\/secure.gravatar.com\/avatar\/91b1fc57487c55a66a7777af0dd690bf69c571b4a9b15cda0db8854a78b7888c?s=96&d=mm&r=g","height":96,"width":96}},"publisher":{"@type":"Organization","name":"insaan.cz","logo":{"@type":"ImageObject","@id":"\/logo.png","url":"\/logo.png","width":600,"height":60}},"image":{"@type":"ImageObject","@id":"https:\/\/www.insaan.cz\/wp-content\/uploads\/oci1_1.jpg","url":"https:\/\/www.insaan.cz\/wp-content\/uploads\/oci1_1.jpg","height":0,"width":0},"wordCount":654,"keywords":null},{"@type":"Article","@id":"https:\/\/www.insaan.cz\/spolecnost-muze-mit-vliv-i-na-to-proc-si-s-vasim-ditetem-nerozumite\/","headline":"Spole\u010dnost m\u016f\u017ee m\u00edt vliv i na to, pro\u010d si s va\u0161im d\u00edt\u011btem nerozum\u00edte","url":"https:\/\/www.insaan.cz\/spolecnost-muze-mit-vliv-i-na-to-proc-si-s-vasim-ditetem-nerozumite\/","datePublished":"2022-12-27","dateModified":"2023-09-28","mainEntityOfPage":"https:\/\/www.insaan.cz\/spolecnost-muze-mit-vliv-i-na-to-proc-si-s-vasim-ditetem-nerozumite\/","author":{"@type":"Person","@id":"https:\/\/www.insaan.cz\/author\/#Person","name":"","url":"https:\/\/www.insaan.cz\/author\/","identifier":1,"image":{"@type":"ImageObject","@id":"https:\/\/secure.gravatar.com\/avatar\/91b1fc57487c55a66a7777af0dd690bf69c571b4a9b15cda0db8854a78b7888c?s=96&d=mm&r=g","url":"https:\/\/secure.gravatar.com\/avatar\/91b1fc57487c55a66a7777af0dd690bf69c571b4a9b15cda0db8854a78b7888c?s=96&d=mm&r=g","height":96,"width":96}},"publisher":{"@type":"Organization","name":"insaan.cz","logo":{"@type":"ImageObject","@id":"\/logo.png","url":"\/logo.png","width":600,"height":60}},"image":{"@type":"ImageObject","@id":"https:\/\/www.insaan.cz\/wp-content\/uploads\/kids-1093758_1280.jpg","url":"https:\/\/www.insaan.cz\/wp-content\/uploads\/kids-1093758_1280.jpg","height":0,"width":0},"wordCount":956,"keywords":null},{"@type":"Article","@id":"https:\/\/www.insaan.cz\/spolecnost-v-anonymite\/","headline":"Spole\u010dnost v anonymit\u011b","url":"https:\/\/www.insaan.cz\/spolecnost-v-anonymite\/","datePublished":"2022-12-27","dateModified":"2023-04-25","mainEntityOfPage":"https:\/\/www.insaan.cz\/spolecnost-v-anonymite\/","author":{"@type":"Person","@id":"https:\/\/www.insaan.cz\/author\/#Person","name":"","url":"https:\/\/www.insaan.cz\/author\/","identifier":1,"image":{"@type":"ImageObject","@id":"https:\/\/secure.gravatar.com\/avatar\/91b1fc57487c55a66a7777af0dd690bf69c571b4a9b15cda0db8854a78b7888c?s=96&d=mm&r=g","url":"https:\/\/secure.gravatar.com\/avatar\/91b1fc57487c55a66a7777af0dd690bf69c571b4a9b15cda0db8854a78b7888c?s=96&d=mm&r=g","height":96,"width":96}},"publisher":{"@type":"Organization","name":"insaan.cz","logo":{"@type":"ImageObject","@id":"\/logo.png","url":"\/logo.png","width":600,"height":60}},"image":{"@type":"ImageObject","@id":"https:\/\/www.insaan.cz\/wp-content\/uploads\/student-849822_960_720_3.jpg","url":"https:\/\/www.insaan.cz\/wp-content\/uploads\/student-849822_960_720_3.jpg","height":0,"width":0},"wordCount":527,"keywords":null},{"@type":"Article","@id":"https:\/\/www.insaan.cz\/jake-jsou-hlavni-prednosti-plastovych-palet-pod-ibc-kontejnery\/","headline":"Jak\u00e9 jsou hlavn\u00ed p\u0159ednosti plastov\u00fdch palet pod IBC kontejnery","url":"https:\/\/www.insaan.cz\/jake-jsou-hlavni-prednosti-plastovych-palet-pod-ibc-kontejnery\/","datePublished":"2022-12-23","dateModified":"2023-07-24","mainEntityOfPage":"https:\/\/www.insaan.cz\/jake-jsou-hlavni-prednosti-plastovych-palet-pod-ibc-kontejnery\/","author":{"@type":"Person","@id":"https:\/\/www.insaan.cz\/author\/#Person","name":"","url":"https:\/\/www.insaan.cz\/author\/","identifier":1,"image":{"@type":"ImageObject","@id":"https:\/\/secure.gravatar.com\/avatar\/91b1fc57487c55a66a7777af0dd690bf69c571b4a9b15cda0db8854a78b7888c?s=96&d=mm&r=g","url":"https:\/\/secure.gravatar.com\/avatar\/91b1fc57487c55a66a7777af0dd690bf69c571b4a9b15cda0db8854a78b7888c?s=96&d=mm&r=g","height":96,"width":96}},"publisher":{"@type":"Organization","name":"insaan.cz","logo":{"@type":"ImageObject","@id":"\/logo.png","url":"\/logo.png","width":600,"height":60}},"image":{"@type":"ImageObject","@id":"https:\/\/www.insaan.cz\/wp-content\/uploads\/background-g94390878a_640.jpg","url":"https:\/\/www.insaan.cz\/wp-content\/uploads\/background-g94390878a_640.jpg","height":0,"width":0},"wordCount":552,"keywords":null},{"@type":"Article","@id":"https:\/\/www.insaan.cz\/jak-si-vytvorit-moderni-bydleni\/","headline":"Jak si vytvo\u0159it modern\u00ed bydlen\u00ed?","url":"https:\/\/www.insaan.cz\/jak-si-vytvorit-moderni-bydleni\/","datePublished":"2022-12-19","dateModified":"2023-08-17","mainEntityOfPage":"https:\/\/www.insaan.cz\/jak-si-vytvorit-moderni-bydleni\/","author":{"@type":"Person","@id":"https:\/\/www.insaan.cz\/author\/#Person","name":"","url":"https:\/\/www.insaan.cz\/author\/","identifier":1,"image":{"@type":"ImageObject","@id":"https:\/\/secure.gravatar.com\/avatar\/91b1fc57487c55a66a7777af0dd690bf69c571b4a9b15cda0db8854a78b7888c?s=96&d=mm&r=g","url":"https:\/\/secure.gravatar.com\/avatar\/91b1fc57487c55a66a7777af0dd690bf69c571b4a9b15cda0db8854a78b7888c?s=96&d=mm&r=g","height":96,"width":96}},"publisher":{"@type":"Organization","name":"insaan.cz","logo":{"@type":"ImageObject","@id":"\/logo.png","url":"\/logo.png","width":600,"height":60}},"image":{"@type":"ImageObject","@id":"https:\/\/www.insaan.cz\/wp-content\/uploads\/floor-plan-g50fff4b59_640.jpg","url":"https:\/\/www.insaan.cz\/wp-content\/uploads\/floor-plan-g50fff4b59_640.jpg","height":0,"width":0},"wordCount":595,"keywords":null},{"@type":"Article","@id":"https:\/\/www.insaan.cz\/skvely-pc\/","headline":"Skv\u011bl\u00fd PC","url":"https:\/\/www.insaan.cz\/skvely-pc\/","datePublished":"2022-11-28","dateModified":"2023-09-28","mainEntityOfPage":"https:\/\/www.insaan.cz\/skvely-pc\/","author":{"@type":"Person","@id":"https:\/\/www.insaan.cz\/author\/#Person","name":"","url":"https:\/\/www.insaan.cz\/author\/","identifier":1,"image":{"@type":"ImageObject","@id":"https:\/\/secure.gravatar.com\/avatar\/91b1fc57487c55a66a7777af0dd690bf69c571b4a9b15cda0db8854a78b7888c?s=96&d=mm&r=g","url":"https:\/\/secure.gravatar.com\/avatar\/91b1fc57487c55a66a7777af0dd690bf69c571b4a9b15cda0db8854a78b7888c?s=96&d=mm&r=g","height":96,"width":96}},"publisher":{"@type":"Organization","name":"insaan.cz","logo":{"@type":"ImageObject","@id":"\/logo.png","url":"\/logo.png","width":600,"height":60}},"image":{"@type":"ImageObject","@id":"https:\/\/www.insaan.cz\/wp-content\/uploads\/computer-1185626_1280_3.jpg","url":"https:\/\/www.insaan.cz\/wp-content\/uploads\/computer-1185626_1280_3.jpg","height":0,"width":0},"wordCount":808,"keywords":null},{"@type":"Article","@id":"https:\/\/www.insaan.cz\/jak-zaplatit-nezaplatitelne\/","headline":"Jak zaplatit nezaplatiteln\u00e9?","url":"https:\/\/www.insaan.cz\/jak-zaplatit-nezaplatitelne\/","datePublished":"2022-11-16","dateModified":"2022-11-16","mainEntityOfPage":"https:\/\/www.insaan.cz\/jak-zaplatit-nezaplatitelne\/","author":{"@type":"Person","@id":"https:\/\/www.insaan.cz\/author\/#Person","name":"","url":"https:\/\/www.insaan.cz\/author\/","identifier":1,"image":{"@type":"ImageObject","@id":"https:\/\/secure.gravatar.com\/avatar\/91b1fc57487c55a66a7777af0dd690bf69c571b4a9b15cda0db8854a78b7888c?s=96&d=mm&r=g","url":"https:\/\/secure.gravatar.com\/avatar\/91b1fc57487c55a66a7777af0dd690bf69c571b4a9b15cda0db8854a78b7888c?s=96&d=mm&r=g","height":96,"width":96}},"publisher":{"@type":"Organization","name":"insaan.cz","logo":{"@type":"ImageObject","@id":"\/logo.png","url":"\/logo.png","width":600,"height":60}},"image":{"@type":"ImageObject","@id":"https:\/\/www.insaan.cz\/wp-content\/uploads\/jeden%20dolar_10_10_10_7.jpg","url":"https:\/\/www.insaan.cz\/wp-content\/uploads\/jeden%20dolar_10_10_10_7.jpg","height":0,"width":0},"wordCount":582,"keywords":null},{"@type":"Article","@id":"https:\/\/www.insaan.cz\/v-pripade-vyklizeni-je-vhodne-vyuzit-kontakt\/","headline":"V p\u0159\u00edpad\u011b vykl\u00edzen\u00ed je vhodn\u00e9 vyu\u017e\u00edt kontakt","url":"https:\/\/www.insaan.cz\/v-pripade-vyklizeni-je-vhodne-vyuzit-kontakt\/","datePublished":"2022-11-14","dateModified":"2022-11-14","mainEntityOfPage":"https:\/\/www.insaan.cz\/v-pripade-vyklizeni-je-vhodne-vyuzit-kontakt\/","author":{"@type":"Person","@id":"https:\/\/www.insaan.cz\/author\/#Person","name":"","url":"https:\/\/www.insaan.cz\/author\/","identifier":1,"image":{"@type":"ImageObject","@id":"https:\/\/secure.gravatar.com\/avatar\/91b1fc57487c55a66a7777af0dd690bf69c571b4a9b15cda0db8854a78b7888c?s=96&d=mm&r=g","url":"https:\/\/secure.gravatar.com\/avatar\/91b1fc57487c55a66a7777af0dd690bf69c571b4a9b15cda0db8854a78b7888c?s=96&d=mm&r=g","height":96,"width":96}},"publisher":{"@type":"Organization","name":"insaan.cz","logo":{"@type":"ImageObject","@id":"\/logo.png","url":"\/logo.png","width":600,"height":60}},"image":{"@type":"ImageObject","@id":"https:\/\/www.insaan.cz\/wp-content\/uploads\/kont.JPG","url":"https:\/\/www.insaan.cz\/wp-content\/uploads\/kont.JPG","height":0,"width":0},"wordCount":634,"keywords":null},{"@type":"Article","@id":"https:\/\/www.insaan.cz\/neucte-spat-zvirata-na-gauci-nebo-v-posteli\/","headline":"Neu\u010dte sp\u00e1t zv\u00ed\u0159ata na gau\u010di nebo v posteli","url":"https:\/\/www.insaan.cz\/neucte-spat-zvirata-na-gauci-nebo-v-posteli\/","datePublished":"2022-11-12","dateModified":"2023-04-25","mainEntityOfPage":"https:\/\/www.insaan.cz\/neucte-spat-zvirata-na-gauci-nebo-v-posteli\/","author":{"@type":"Person","@id":"https:\/\/www.insaan.cz\/author\/#Person","name":"","url":"https:\/\/www.insaan.cz\/author\/","identifier":1,"image":{"@type":"ImageObject","@id":"https:\/\/secure.gravatar.com\/avatar\/91b1fc57487c55a66a7777af0dd690bf69c571b4a9b15cda0db8854a78b7888c?s=96&d=mm&r=g","url":"https:\/\/secure.gravatar.com\/avatar\/91b1fc57487c55a66a7777af0dd690bf69c571b4a9b15cda0db8854a78b7888c?s=96&d=mm&r=g","height":96,"width":96}},"publisher":{"@type":"Organization","name":"insaan.cz","logo":{"@type":"ImageObject","@id":"\/logo.png","url":"\/logo.png","width":600,"height":60}},"image":{"@type":"ImageObject","@id":"https:\/\/www.insaan.cz\/wp-content\/uploads\/post.JPG","url":"https:\/\/www.insaan.cz\/wp-content\/uploads\/post.JPG","height":0,"width":0},"wordCount":607,"keywords":null}]},{"@context":"https:\/\/schema.org","@type":"WebSite","@id":"https:\/\/www.insaan.cz\/#website","name":"Insaan","url":"https:\/\/www.insaan.cz","potentialAction":{"@type":"SearchAction","target":"https:\/\/www.insaan.cz\/?s={search_term_string}","query-input":"required name=search_term_string"}}]