[{"@context":"https:\/\/schema.org\/","@type":"Blog","@id":"https:\/\/www.insaan.cz#Blog","headline":"Insaan","description":"\nKa\u017ed\u00e9mu z lid\u00ed by m\u011blo j\u00edt v\u017edy a v\u0161ude o kvalitu a spolehlivost nab\u00eddek. A jestli lze n\u011bkde v\u00fdhradn\u011b takov\u00e9 nab\u00eddky naj\u00edt, je to na tomto webu.","url":"https:\/\/www.insaan.cz","hasPart":[{"@type":"Article","@id":"https:\/\/www.insaan.cz\/solarni-ohrev-vody\/","headline":"Sol\u00e1rn\u00ed oh\u0159ev vody","url":"https:\/\/www.insaan.cz\/solarni-ohrev-vody\/","datePublished":"2025-01-18","dateModified":"2025-01-18","mainEntityOfPage":"https:\/\/www.insaan.cz\/solarni-ohrev-vody\/","author":{"@type":"Person","@id":"https:\/\/www.insaan.cz\/author\/#Person","name":"","url":"https:\/\/www.insaan.cz\/author\/","identifier":1,"image":{"@type":"ImageObject","@id":"https:\/\/secure.gravatar.com\/avatar\/91b1fc57487c55a66a7777af0dd690bf69c571b4a9b15cda0db8854a78b7888c?s=96&d=mm&r=g","url":"https:\/\/secure.gravatar.com\/avatar\/91b1fc57487c55a66a7777af0dd690bf69c571b4a9b15cda0db8854a78b7888c?s=96&d=mm&r=g","height":96,"width":96}},"publisher":{"@type":"Organization","name":"insaan.cz","logo":{"@type":"ImageObject","@id":"\/logo.png","url":"\/logo.png","width":600,"height":60}},"image":null,"wordCount":220,"keywords":null},{"@type":"Article","@id":"https:\/\/www.insaan.cz\/proc-usporadat-oslavu-u-zahradniho-bazenu\/","headline":"Pro\u010d uspo\u0159\u00e1dat oslavu u zahradn\u00edho baz\u00e9nu","url":"https:\/\/www.insaan.cz\/proc-usporadat-oslavu-u-zahradniho-bazenu\/","datePublished":"2025-01-11","dateModified":"2025-01-11","mainEntityOfPage":"https:\/\/www.insaan.cz\/proc-usporadat-oslavu-u-zahradniho-bazenu\/","author":{"@type":"Person","@id":"https:\/\/www.insaan.cz\/author\/#Person","name":"","url":"https:\/\/www.insaan.cz\/author\/","identifier":1,"image":{"@type":"ImageObject","@id":"https:\/\/secure.gravatar.com\/avatar\/91b1fc57487c55a66a7777af0dd690bf69c571b4a9b15cda0db8854a78b7888c?s=96&d=mm&r=g","url":"https:\/\/secure.gravatar.com\/avatar\/91b1fc57487c55a66a7777af0dd690bf69c571b4a9b15cda0db8854a78b7888c?s=96&d=mm&r=g","height":96,"width":96}},"publisher":{"@type":"Organization","name":"insaan.cz","logo":{"@type":"ImageObject","@id":"\/logo.png","url":"\/logo.png","width":600,"height":60}},"image":{"@type":"ImageObject","@id":"https:\/\/www.insaan.cz\/wp-content\/uploads\/swimming-pool-4638912_640_10_10_10_10_10_10_10.jpg","url":"https:\/\/www.insaan.cz\/wp-content\/uploads\/swimming-pool-4638912_640_10_10_10_10_10_10_10.jpg","height":0,"width":0},"wordCount":581,"keywords":null},{"@type":"Article","@id":"https:\/\/www.insaan.cz\/prekladatelske-sluzby-pro-radu-jazyku\/","headline":"P\u0159ekladatelsk\u00e9 slu\u017eby pro \u0159adu jazyk\u016f","url":"https:\/\/www.insaan.cz\/prekladatelske-sluzby-pro-radu-jazyku\/","datePublished":"2025-01-10","dateModified":"2025-01-10","mainEntityOfPage":"https:\/\/www.insaan.cz\/prekladatelske-sluzby-pro-radu-jazyku\/","author":{"@type":"Person","@id":"https:\/\/www.insaan.cz\/author\/#Person","name":"","url":"https:\/\/www.insaan.cz\/author\/","identifier":1,"image":{"@type":"ImageObject","@id":"https:\/\/secure.gravatar.com\/avatar\/91b1fc57487c55a66a7777af0dd690bf69c571b4a9b15cda0db8854a78b7888c?s=96&d=mm&r=g","url":"https:\/\/secure.gravatar.com\/avatar\/91b1fc57487c55a66a7777af0dd690bf69c571b4a9b15cda0db8854a78b7888c?s=96&d=mm&r=g","height":96,"width":96}},"publisher":{"@type":"Organization","name":"insaan.cz","logo":{"@type":"ImageObject","@id":"\/logo.png","url":"\/logo.png","width":600,"height":60}},"image":null,"wordCount":263,"keywords":null},{"@type":"Article","@id":"https:\/\/www.insaan.cz\/osvedcena-kvalita\/","headline":"Osv\u011bd\u010den\u00e1 kvalita","url":"https:\/\/www.insaan.cz\/osvedcena-kvalita\/","datePublished":"2025-01-02","dateModified":"2025-01-02","mainEntityOfPage":"https:\/\/www.insaan.cz\/osvedcena-kvalita\/","author":{"@type":"Person","@id":"https:\/\/www.insaan.cz\/author\/#Person","name":"","url":"https:\/\/www.insaan.cz\/author\/","identifier":1,"image":{"@type":"ImageObject","@id":"https:\/\/secure.gravatar.com\/avatar\/91b1fc57487c55a66a7777af0dd690bf69c571b4a9b15cda0db8854a78b7888c?s=96&d=mm&r=g","url":"https:\/\/secure.gravatar.com\/avatar\/91b1fc57487c55a66a7777af0dd690bf69c571b4a9b15cda0db8854a78b7888c?s=96&d=mm&r=g","height":96,"width":96}},"publisher":{"@type":"Organization","name":"insaan.cz","logo":{"@type":"ImageObject","@id":"\/logo.png","url":"\/logo.png","width":600,"height":60}},"image":null,"wordCount":231,"keywords":null},{"@type":"Article","@id":"https:\/\/www.insaan.cz\/potrebujete-prodat-nebo-neco-koupit\/","headline":"Pot\u0159ebujete prodat nebo n\u011bco koupit?","url":"https:\/\/www.insaan.cz\/potrebujete-prodat-nebo-neco-koupit\/","datePublished":"2024-12-28","dateModified":"2024-12-28","mainEntityOfPage":"https:\/\/www.insaan.cz\/potrebujete-prodat-nebo-neco-koupit\/","author":{"@type":"Person","@id":"https:\/\/www.insaan.cz\/author\/#Person","name":"","url":"https:\/\/www.insaan.cz\/author\/","identifier":1,"image":{"@type":"ImageObject","@id":"https:\/\/secure.gravatar.com\/avatar\/91b1fc57487c55a66a7777af0dd690bf69c571b4a9b15cda0db8854a78b7888c?s=96&d=mm&r=g","url":"https:\/\/secure.gravatar.com\/avatar\/91b1fc57487c55a66a7777af0dd690bf69c571b4a9b15cda0db8854a78b7888c?s=96&d=mm&r=g","height":96,"width":96}},"publisher":{"@type":"Organization","name":"insaan.cz","logo":{"@type":"ImageObject","@id":"\/logo.png","url":"\/logo.png","width":600,"height":60}},"image":null,"wordCount":202,"keywords":null},{"@type":"Article","@id":"https:\/\/www.insaan.cz\/host-do-domu\/","headline":"Host do domu","url":"https:\/\/www.insaan.cz\/host-do-domu\/","datePublished":"2024-12-22","dateModified":"2024-12-22","mainEntityOfPage":"https:\/\/www.insaan.cz\/host-do-domu\/","author":{"@type":"Person","@id":"https:\/\/www.insaan.cz\/author\/#Person","name":"","url":"https:\/\/www.insaan.cz\/author\/","identifier":1,"image":{"@type":"ImageObject","@id":"https:\/\/secure.gravatar.com\/avatar\/91b1fc57487c55a66a7777af0dd690bf69c571b4a9b15cda0db8854a78b7888c?s=96&d=mm&r=g","url":"https:\/\/secure.gravatar.com\/avatar\/91b1fc57487c55a66a7777af0dd690bf69c571b4a9b15cda0db8854a78b7888c?s=96&d=mm&r=g","height":96,"width":96}},"publisher":{"@type":"Organization","name":"insaan.cz","logo":{"@type":"ImageObject","@id":"\/logo.png","url":"\/logo.png","width":600,"height":60}},"image":null,"wordCount":222,"keywords":null},{"@type":"Article","@id":"https:\/\/www.insaan.cz\/aby-vas-oslava-pod-party-stanem-bavila\/","headline":"Aby v\u00e1s oslava pod party stanem bavila","url":"https:\/\/www.insaan.cz\/aby-vas-oslava-pod-party-stanem-bavila\/","datePublished":"2024-12-20","dateModified":"2024-12-20","mainEntityOfPage":"https:\/\/www.insaan.cz\/aby-vas-oslava-pod-party-stanem-bavila\/","author":{"@type":"Person","@id":"https:\/\/www.insaan.cz\/author\/#Person","name":"","url":"https:\/\/www.insaan.cz\/author\/","identifier":1,"image":{"@type":"ImageObject","@id":"https:\/\/secure.gravatar.com\/avatar\/91b1fc57487c55a66a7777af0dd690bf69c571b4a9b15cda0db8854a78b7888c?s=96&d=mm&r=g","url":"https:\/\/secure.gravatar.com\/avatar\/91b1fc57487c55a66a7777af0dd690bf69c571b4a9b15cda0db8854a78b7888c?s=96&d=mm&r=g","height":96,"width":96}},"publisher":{"@type":"Organization","name":"insaan.cz","logo":{"@type":"ImageObject","@id":"\/logo.png","url":"\/logo.png","width":600,"height":60}},"image":{"@type":"ImageObject","@id":"https:\/\/www.insaan.cz\/wp-content\/uploads\/glasses-4111357_640_1.jpg","url":"https:\/\/www.insaan.cz\/wp-content\/uploads\/glasses-4111357_640_1.jpg","height":0,"width":0},"wordCount":599,"keywords":null},{"@type":"Article","@id":"https:\/\/www.insaan.cz\/obuv-ktera-splyne-s-vasim-telem\/","headline":"Obuv, kter\u00e1 splyne s va\u0161\u00edm t\u011blem","url":"https:\/\/www.insaan.cz\/obuv-ktera-splyne-s-vasim-telem\/","datePublished":"2024-12-13","dateModified":"2024-12-13","mainEntityOfPage":"https:\/\/www.insaan.cz\/obuv-ktera-splyne-s-vasim-telem\/","author":{"@type":"Person","@id":"https:\/\/www.insaan.cz\/author\/#Person","name":"","url":"https:\/\/www.insaan.cz\/author\/","identifier":1,"image":{"@type":"ImageObject","@id":"https:\/\/secure.gravatar.com\/avatar\/91b1fc57487c55a66a7777af0dd690bf69c571b4a9b15cda0db8854a78b7888c?s=96&d=mm&r=g","url":"https:\/\/secure.gravatar.com\/avatar\/91b1fc57487c55a66a7777af0dd690bf69c571b4a9b15cda0db8854a78b7888c?s=96&d=mm&r=g","height":96,"width":96}},"publisher":{"@type":"Organization","name":"insaan.cz","logo":{"@type":"ImageObject","@id":"\/logo.png","url":"\/logo.png","width":600,"height":60}},"image":null,"wordCount":219,"keywords":null},{"@type":"Article","@id":"https:\/\/www.insaan.cz\/jak-vam-topi-topeni\/","headline":"Jak v\u00e1m top\u00ed topen\u00ed","url":"https:\/\/www.insaan.cz\/jak-vam-topi-topeni\/","datePublished":"2024-12-10","dateModified":"2024-12-10","mainEntityOfPage":"https:\/\/www.insaan.cz\/jak-vam-topi-topeni\/","author":{"@type":"Person","@id":"https:\/\/www.insaan.cz\/author\/#Person","name":"","url":"https:\/\/www.insaan.cz\/author\/","identifier":1,"image":{"@type":"ImageObject","@id":"https:\/\/secure.gravatar.com\/avatar\/91b1fc57487c55a66a7777af0dd690bf69c571b4a9b15cda0db8854a78b7888c?s=96&d=mm&r=g","url":"https:\/\/secure.gravatar.com\/avatar\/91b1fc57487c55a66a7777af0dd690bf69c571b4a9b15cda0db8854a78b7888c?s=96&d=mm&r=g","height":96,"width":96}},"publisher":{"@type":"Organization","name":"insaan.cz","logo":{"@type":"ImageObject","@id":"\/logo.png","url":"\/logo.png","width":600,"height":60}},"image":{"@type":"ImageObject","@id":"https:\/\/www.insaan.cz\/wp-content\/uploads\/energy-crisis-7349347_640_10_5.jpg","url":"https:\/\/www.insaan.cz\/wp-content\/uploads\/energy-crisis-7349347_640_10_5.jpg","height":0,"width":0},"wordCount":592,"keywords":null},{"@type":"Article","@id":"https:\/\/www.insaan.cz\/sidlo-firmy-v-praze-nabizi-radu-vyhod\/","headline":"S\u00eddlo firmy v Praze nab\u00edz\u00ed \u0159adu v\u00fdhod","url":"https:\/\/www.insaan.cz\/sidlo-firmy-v-praze-nabizi-radu-vyhod\/","datePublished":"2024-12-10","dateModified":"2024-12-10","mainEntityOfPage":"https:\/\/www.insaan.cz\/sidlo-firmy-v-praze-nabizi-radu-vyhod\/","author":{"@type":"Person","@id":"https:\/\/www.insaan.cz\/author\/#Person","name":"","url":"https:\/\/www.insaan.cz\/author\/","identifier":1,"image":{"@type":"ImageObject","@id":"https:\/\/secure.gravatar.com\/avatar\/91b1fc57487c55a66a7777af0dd690bf69c571b4a9b15cda0db8854a78b7888c?s=96&d=mm&r=g","url":"https:\/\/secure.gravatar.com\/avatar\/91b1fc57487c55a66a7777af0dd690bf69c571b4a9b15cda0db8854a78b7888c?s=96&d=mm&r=g","height":96,"width":96}},"publisher":{"@type":"Organization","name":"insaan.cz","logo":{"@type":"ImageObject","@id":"\/logo.png","url":"\/logo.png","width":600,"height":60}},"image":{"@type":"ImageObject","@id":"https:\/\/www.insaan.cz\/wp-content\/uploads\/prague-6254050_640_1.jpg","url":"https:\/\/www.insaan.cz\/wp-content\/uploads\/prague-6254050_640_1.jpg","height":0,"width":0},"wordCount":608,"keywords":null}]},{"@context":"https:\/\/schema.org","@type":"WebSite","@id":"https:\/\/www.insaan.cz\/#website","name":"Insaan","url":"https:\/\/www.insaan.cz","potentialAction":{"@type":"SearchAction","target":"https:\/\/www.insaan.cz\/?s={search_term_string}","query-input":"required name=search_term_string"}}]