[{"@context":"https:\/\/schema.org\/","@type":"Blog","@id":"https:\/\/www.insaan.cz#Blog","headline":"Insaan","description":"\nKa\u017ed\u00e9mu z lid\u00ed by m\u011blo j\u00edt v\u017edy a v\u0161ude o kvalitu a spolehlivost nab\u00eddek. A jestli lze n\u011bkde v\u00fdhradn\u011b takov\u00e9 nab\u00eddky naj\u00edt, je to na tomto webu.","url":"https:\/\/www.insaan.cz","hasPart":[{"@type":"Article","@id":"https:\/\/www.insaan.cz\/mate-pro-deti-dostatek-odevu-nakupte-levne-i-znackove-obleceni\/","headline":"M\u00e1te pro d\u011bti dostatek od\u011bv\u016f? Nakupte levn\u011b i zna\u010dkov\u00e9 oble\u010den\u00ed.","url":"https:\/\/www.insaan.cz\/mate-pro-deti-dostatek-odevu-nakupte-levne-i-znackove-obleceni\/","datePublished":"2024-05-02","dateModified":"2024-05-02","mainEntityOfPage":"https:\/\/www.insaan.cz\/mate-pro-deti-dostatek-odevu-nakupte-levne-i-znackove-obleceni\/","author":{"@type":"Person","@id":"https:\/\/www.insaan.cz\/author\/#Person","name":"","url":"https:\/\/www.insaan.cz\/author\/","identifier":1,"image":{"@type":"ImageObject","@id":"https:\/\/secure.gravatar.com\/avatar\/91b1fc57487c55a66a7777af0dd690bf69c571b4a9b15cda0db8854a78b7888c?s=96&d=mm&r=g","url":"https:\/\/secure.gravatar.com\/avatar\/91b1fc57487c55a66a7777af0dd690bf69c571b4a9b15cda0db8854a78b7888c?s=96&d=mm&r=g","height":96,"width":96}},"publisher":{"@type":"Organization","name":"insaan.cz","logo":{"@type":"ImageObject","@id":"\/logo.png","url":"\/logo.png","width":600,"height":60}},"image":null,"wordCount":212,"keywords":null},{"@type":"Article","@id":"https:\/\/www.insaan.cz\/barvy-feng-shui-a-jejich-vyuziti\/","headline":"Barvy Feng Shui a jejich vyu\u017eit\u00ed","url":"https:\/\/www.insaan.cz\/barvy-feng-shui-a-jejich-vyuziti\/","datePublished":"2024-04-23","dateModified":"2024-04-23","mainEntityOfPage":"https:\/\/www.insaan.cz\/barvy-feng-shui-a-jejich-vyuziti\/","author":{"@type":"Person","@id":"https:\/\/www.insaan.cz\/author\/#Person","name":"","url":"https:\/\/www.insaan.cz\/author\/","identifier":1,"image":{"@type":"ImageObject","@id":"https:\/\/secure.gravatar.com\/avatar\/91b1fc57487c55a66a7777af0dd690bf69c571b4a9b15cda0db8854a78b7888c?s=96&d=mm&r=g","url":"https:\/\/secure.gravatar.com\/avatar\/91b1fc57487c55a66a7777af0dd690bf69c571b4a9b15cda0db8854a78b7888c?s=96&d=mm&r=g","height":96,"width":96}},"publisher":{"@type":"Organization","name":"insaan.cz","logo":{"@type":"ImageObject","@id":"\/logo.png","url":"\/logo.png","width":600,"height":60}},"image":null,"wordCount":303,"keywords":null},{"@type":"Article","@id":"https:\/\/www.insaan.cz\/investice-do-vasich-vedomosti\/","headline":"Investice do va\u0161ich v\u011bdomost\u00ed","url":"https:\/\/www.insaan.cz\/investice-do-vasich-vedomosti\/","datePublished":"2024-04-19","dateModified":"2024-04-19","mainEntityOfPage":"https:\/\/www.insaan.cz\/investice-do-vasich-vedomosti\/","author":{"@type":"Person","@id":"https:\/\/www.insaan.cz\/author\/#Person","name":"","url":"https:\/\/www.insaan.cz\/author\/","identifier":1,"image":{"@type":"ImageObject","@id":"https:\/\/secure.gravatar.com\/avatar\/91b1fc57487c55a66a7777af0dd690bf69c571b4a9b15cda0db8854a78b7888c?s=96&d=mm&r=g","url":"https:\/\/secure.gravatar.com\/avatar\/91b1fc57487c55a66a7777af0dd690bf69c571b4a9b15cda0db8854a78b7888c?s=96&d=mm&r=g","height":96,"width":96}},"publisher":{"@type":"Organization","name":"insaan.cz","logo":{"@type":"ImageObject","@id":"\/logo.png","url":"\/logo.png","width":600,"height":60}},"image":null,"wordCount":284,"keywords":null},{"@type":"Article","@id":"https:\/\/www.insaan.cz\/kulicky-z-polystyrenu\/","headline":"Kuli\u010dky z polystyrenu","url":"https:\/\/www.insaan.cz\/kulicky-z-polystyrenu\/","datePublished":"2024-04-16","dateModified":"2024-05-17","mainEntityOfPage":"https:\/\/www.insaan.cz\/kulicky-z-polystyrenu\/","author":{"@type":"Person","@id":"https:\/\/www.insaan.cz\/author\/#Person","name":"","url":"https:\/\/www.insaan.cz\/author\/","identifier":1,"image":{"@type":"ImageObject","@id":"https:\/\/secure.gravatar.com\/avatar\/91b1fc57487c55a66a7777af0dd690bf69c571b4a9b15cda0db8854a78b7888c?s=96&d=mm&r=g","url":"https:\/\/secure.gravatar.com\/avatar\/91b1fc57487c55a66a7777af0dd690bf69c571b4a9b15cda0db8854a78b7888c?s=96&d=mm&r=g","height":96,"width":96}},"publisher":{"@type":"Organization","name":"insaan.cz","logo":{"@type":"ImageObject","@id":"\/logo.png","url":"\/logo.png","width":600,"height":60}},"image":{"@type":"ImageObject","@id":"https:\/\/www.insaan.cz\/wp-content\/uploads\/balls-3857761_1280_1.jpg","url":"https:\/\/www.insaan.cz\/wp-content\/uploads\/balls-3857761_1280_1.jpg","height":0,"width":0},"wordCount":565,"keywords":null},{"@type":"Article","@id":"https:\/\/www.insaan.cz\/voda-jako-v-mori\/","headline":"Voda jako v mo\u0159i","url":"https:\/\/www.insaan.cz\/voda-jako-v-mori\/","datePublished":"2024-04-13","dateModified":"2024-04-13","mainEntityOfPage":"https:\/\/www.insaan.cz\/voda-jako-v-mori\/","author":{"@type":"Person","@id":"https:\/\/www.insaan.cz\/author\/#Person","name":"","url":"https:\/\/www.insaan.cz\/author\/","identifier":1,"image":{"@type":"ImageObject","@id":"https:\/\/secure.gravatar.com\/avatar\/91b1fc57487c55a66a7777af0dd690bf69c571b4a9b15cda0db8854a78b7888c?s=96&d=mm&r=g","url":"https:\/\/secure.gravatar.com\/avatar\/91b1fc57487c55a66a7777af0dd690bf69c571b4a9b15cda0db8854a78b7888c?s=96&d=mm&r=g","height":96,"width":96}},"publisher":{"@type":"Organization","name":"insaan.cz","logo":{"@type":"ImageObject","@id":"\/logo.png","url":"\/logo.png","width":600,"height":60}},"image":{"@type":"ImageObject","@id":"https:\/\/www.insaan.cz\/wp-content\/uploads\/pool-1617337_640_4.jpg","url":"https:\/\/www.insaan.cz\/wp-content\/uploads\/pool-1617337_640_4.jpg","height":0,"width":0},"wordCount":639,"keywords":null},{"@type":"Article","@id":"https:\/\/www.insaan.cz\/dejte-vasemu-koberci-druhou-sanci\/","headline":"Dejte va\u0161emu koberci druhou \u0161anci","url":"https:\/\/www.insaan.cz\/dejte-vasemu-koberci-druhou-sanci\/","datePublished":"2024-04-13","dateModified":"2024-05-13","mainEntityOfPage":"https:\/\/www.insaan.cz\/dejte-vasemu-koberci-druhou-sanci\/","author":{"@type":"Person","@id":"https:\/\/www.insaan.cz\/author\/#Person","name":"","url":"https:\/\/www.insaan.cz\/author\/","identifier":1,"image":{"@type":"ImageObject","@id":"https:\/\/secure.gravatar.com\/avatar\/91b1fc57487c55a66a7777af0dd690bf69c571b4a9b15cda0db8854a78b7888c?s=96&d=mm&r=g","url":"https:\/\/secure.gravatar.com\/avatar\/91b1fc57487c55a66a7777af0dd690bf69c571b4a9b15cda0db8854a78b7888c?s=96&d=mm&r=g","height":96,"width":96}},"publisher":{"@type":"Organization","name":"insaan.cz","logo":{"@type":"ImageObject","@id":"\/logo.png","url":"\/logo.png","width":600,"height":60}},"image":{"@type":"ImageObject","@id":"https:\/\/www.insaan.cz\/wp-content\/uploads\/carpet-3530487_640_1.jpg","url":"https:\/\/www.insaan.cz\/wp-content\/uploads\/carpet-3530487_640_1.jpg","height":0,"width":0},"wordCount":597,"keywords":null},{"@type":"Article","@id":"https:\/\/www.insaan.cz\/zkuste-poppers-na-vlastni-kuzi\/","headline":"Zkuste poppers na vlastn\u00ed k\u016f\u017ei","url":"https:\/\/www.insaan.cz\/zkuste-poppers-na-vlastni-kuzi\/","datePublished":"2024-04-13","dateModified":"2024-04-13","mainEntityOfPage":"https:\/\/www.insaan.cz\/zkuste-poppers-na-vlastni-kuzi\/","author":{"@type":"Person","@id":"https:\/\/www.insaan.cz\/author\/#Person","name":"","url":"https:\/\/www.insaan.cz\/author\/","identifier":1,"image":{"@type":"ImageObject","@id":"https:\/\/secure.gravatar.com\/avatar\/91b1fc57487c55a66a7777af0dd690bf69c571b4a9b15cda0db8854a78b7888c?s=96&d=mm&r=g","url":"https:\/\/secure.gravatar.com\/avatar\/91b1fc57487c55a66a7777af0dd690bf69c571b4a9b15cda0db8854a78b7888c?s=96&d=mm&r=g","height":96,"width":96}},"publisher":{"@type":"Organization","name":"insaan.cz","logo":{"@type":"ImageObject","@id":"\/logo.png","url":"\/logo.png","width":600,"height":60}},"image":null,"wordCount":298,"keywords":null},{"@type":"Article","@id":"https:\/\/www.insaan.cz\/psychicka-a-telesna-pohoda-na-prvnim-miste\/","headline":"Psychick\u00e1 a t\u011blesn\u00e1 pohoda na prvn\u00edm m\u00edst\u011b","url":"https:\/\/www.insaan.cz\/psychicka-a-telesna-pohoda-na-prvnim-miste\/","datePublished":"2024-04-10","dateModified":"2024-04-10","mainEntityOfPage":"https:\/\/www.insaan.cz\/psychicka-a-telesna-pohoda-na-prvnim-miste\/","author":{"@type":"Person","@id":"https:\/\/www.insaan.cz\/author\/#Person","name":"","url":"https:\/\/www.insaan.cz\/author\/","identifier":1,"image":{"@type":"ImageObject","@id":"https:\/\/secure.gravatar.com\/avatar\/91b1fc57487c55a66a7777af0dd690bf69c571b4a9b15cda0db8854a78b7888c?s=96&d=mm&r=g","url":"https:\/\/secure.gravatar.com\/avatar\/91b1fc57487c55a66a7777af0dd690bf69c571b4a9b15cda0db8854a78b7888c?s=96&d=mm&r=g","height":96,"width":96}},"publisher":{"@type":"Organization","name":"insaan.cz","logo":{"@type":"ImageObject","@id":"\/logo.png","url":"\/logo.png","width":600,"height":60}},"image":null,"wordCount":290,"keywords":null},{"@type":"Article","@id":"https:\/\/www.insaan.cz\/pohodlne-sezeni\/","headline":"Pohodln\u00e9 sezen\u00ed","url":"https:\/\/www.insaan.cz\/pohodlne-sezeni\/","datePublished":"2024-03-22","dateModified":"2024-04-22","mainEntityOfPage":"https:\/\/www.insaan.cz\/pohodlne-sezeni\/","author":{"@type":"Person","@id":"https:\/\/www.insaan.cz\/author\/#Person","name":"","url":"https:\/\/www.insaan.cz\/author\/","identifier":1,"image":{"@type":"ImageObject","@id":"https:\/\/secure.gravatar.com\/avatar\/91b1fc57487c55a66a7777af0dd690bf69c571b4a9b15cda0db8854a78b7888c?s=96&d=mm&r=g","url":"https:\/\/secure.gravatar.com\/avatar\/91b1fc57487c55a66a7777af0dd690bf69c571b4a9b15cda0db8854a78b7888c?s=96&d=mm&r=g","height":96,"width":96}},"publisher":{"@type":"Organization","name":"insaan.cz","logo":{"@type":"ImageObject","@id":"\/logo.png","url":"\/logo.png","width":600,"height":60}},"image":{"@type":"ImageObject","@id":"https:\/\/www.insaan.cz\/wp-content\/uploads\/seat-cushion-1099616_960_720_1.jpg","url":"https:\/\/www.insaan.cz\/wp-content\/uploads\/seat-cushion-1099616_960_720_1.jpg","height":0,"width":0},"wordCount":556,"keywords":null},{"@type":"Article","@id":"https:\/\/www.insaan.cz\/udelejte-si-den-plny-zazitku\/","headline":"Ud\u011blejte si den pln\u00fd z\u00e1\u017eitk\u016f","url":"https:\/\/www.insaan.cz\/udelejte-si-den-plny-zazitku\/","datePublished":"2024-03-18","dateModified":"2024-04-18","mainEntityOfPage":"https:\/\/www.insaan.cz\/udelejte-si-den-plny-zazitku\/","author":{"@type":"Person","@id":"https:\/\/www.insaan.cz\/author\/#Person","name":"","url":"https:\/\/www.insaan.cz\/author\/","identifier":1,"image":{"@type":"ImageObject","@id":"https:\/\/secure.gravatar.com\/avatar\/91b1fc57487c55a66a7777af0dd690bf69c571b4a9b15cda0db8854a78b7888c?s=96&d=mm&r=g","url":"https:\/\/secure.gravatar.com\/avatar\/91b1fc57487c55a66a7777af0dd690bf69c571b4a9b15cda0db8854a78b7888c?s=96&d=mm&r=g","height":96,"width":96}},"publisher":{"@type":"Organization","name":"insaan.cz","logo":{"@type":"ImageObject","@id":"\/logo.png","url":"\/logo.png","width":600,"height":60}},"image":{"@type":"ImageObject","@id":"https:\/\/www.insaan.cz\/wp-content\/uploads\/istockphoto-1415056757-612x612_8.jpg","url":"https:\/\/www.insaan.cz\/wp-content\/uploads\/istockphoto-1415056757-612x612_8.jpg","height":0,"width":0},"wordCount":514,"keywords":null}]},{"@context":"https:\/\/schema.org","@type":"WebSite","@id":"https:\/\/www.insaan.cz\/#website","name":"Insaan","url":"https:\/\/www.insaan.cz","potentialAction":{"@type":"SearchAction","target":"https:\/\/www.insaan.cz\/?s={search_term_string}","query-input":"required name=search_term_string"}}]