[{"@context":"https:\/\/schema.org\/","@type":"Article","@id":"https:\/\/www.insaan.cz\/prijdte-vcas\/#Article","mainEntityOfPage":"https:\/\/www.insaan.cz\/prijdte-vcas\/","headline":"P\u0159ij\u010fte v\u010das","name":"P\u0159ij\u010fte v\u010das","description":"Nenechte to doj\u00edt tak daleko jako n\u011bkte\u0159\u00ed na\u0161i z\u00e1kazn\u00edci, kte\u0159\u00ed n\u00e1m cel\u00ed zoufal\u00ed volaj\u00ed v no\u010dn\u00edch hodin\u00e1ch, \u017ee","datePublished":"2025-03-12","dateModified":"2025-03-12","author":{"@type":"Person","@id":"https:\/\/www.insaan.cz\/author\/#Person","name":"","url":"https:\/\/www.insaan.cz\/author\/","identifier":1,"image":{"@type":"ImageObject","@id":"https:\/\/secure.gravatar.com\/avatar\/91b1fc57487c55a66a7777af0dd690bf69c571b4a9b15cda0db8854a78b7888c?s=96&d=mm&r=g","url":"https:\/\/secure.gravatar.com\/avatar\/91b1fc57487c55a66a7777af0dd690bf69c571b4a9b15cda0db8854a78b7888c?s=96&d=mm&r=g","height":96,"width":96}},"publisher":{"@type":"Organization","name":"insaan.cz","logo":{"@type":"ImageObject","@id":"\/logo.png","url":"\/logo.png","width":600,"height":60}},"url":"https:\/\/www.insaan.cz\/prijdte-vcas\/","wordCount":175,"articleBody":"Nenechte to doj\u00edt tak daleko jako n\u011bkte\u0159\u00ed na\u0161i z\u00e1kazn\u00edci, kte\u0159\u00ed n\u00e1m cel\u00ed zoufal\u00ed volaj\u00ed v no\u010dn\u00edch hodin\u00e1ch, \u017ee je jejich auto nechalo ve \u0161tychu a oni ho nemohou nastartovat. Nutn\u011b se ov\u0161em pot\u0159ebuj\u00ed dostat na obchodn\u00ed jedn\u00e1n\u00ed, d\u016fle\u017eitou osobn\u00ed sch\u016fzku nebo prost\u011b jen dom\u016f za d\u011btmi a nemohou, proto\u017ee jejich auto st\u00e1vkuje. A pro\u010d st\u00e1vkuje? Proto\u017ee nechodili na preventivn\u00ed kontroly, nedbali o zdrav\u00ed sv\u00e9ho auta v\u010das. Ud\u011blejte si \u010das na n\u00e1v\u0161t\u011bvu Audi servisu! Nezme\u0161kejte Nezme\u0161kejte sv\u00e9 pravideln\u00e9 kontroly v Audi servis. Postar\u00e1me se v\u00e1m u n\u00e1s o va\u0161e auto. Zkontrolujeme a dopln\u00edme u n\u011bj v\u0161echno, co shled\u00e1me za pot\u0159ebn\u00e9. O v\u0161em v\u00e1s budeme samoz\u0159ejm\u011b informovat a sv\u00e9 kroky s v\u00e1mi konzultovat. Nab\u00edz\u00edme v\u00e1m skute\u010dn\u011b kvalitn\u00ed a profesion\u00e1ln\u00ed slu\u017eby, se kter\u00fdmi budete jist\u011b nadm\u00edru spokojeni.                                                                                                                                                                                                                                                                                                                                                                                        1\/5 - (1 vote)        "},{"@context":"https:\/\/schema.org\/","@type":"BreadcrumbList","itemListElement":[{"@type":"ListItem","position":1,"name":"P\u0159ij\u010fte v\u010das","item":"https:\/\/www.insaan.cz\/prijdte-vcas\/#breadcrumbitem"}]}]