{"@context":"https:\/\/schema.org\/","@type":"CollectionPage","@id":"https:\/\/www.insaan.cz\/spolecnost\/#CollectionPage","headline":"Spole\u010dnost Category","description":"","url":"https:\/\/www.insaan.cz\/spolecnost\/","hasPart":[{"@type":"Article","@id":"https:\/\/www.insaan.cz\/rozdily-na-zaklade-veku\/","headline":"Rozd\u00edly na z\u00e1klad\u011b v\u011bku","url":"https:\/\/www.insaan.cz\/rozdily-na-zaklade-veku\/","datePublished":"2023-06-17","dateModified":"2024-05-17","mainEntityOfPage":"https:\/\/www.insaan.cz\/rozdily-na-zaklade-veku\/","author":{"@type":"Person","@id":"https:\/\/www.insaan.cz\/author\/#Person","name":"","url":"https:\/\/www.insaan.cz\/author\/","identifier":1,"image":{"@type":"ImageObject","@id":"https:\/\/secure.gravatar.com\/avatar\/91b1fc57487c55a66a7777af0dd690bf69c571b4a9b15cda0db8854a78b7888c?s=96&d=mm&r=g","url":"https:\/\/secure.gravatar.com\/avatar\/91b1fc57487c55a66a7777af0dd690bf69c571b4a9b15cda0db8854a78b7888c?s=96&d=mm&r=g","height":96,"width":96}},"publisher":{"@type":"Organization","name":"insaan.cz","logo":{"@type":"ImageObject","@id":"\/logo.png","url":"\/logo.png","width":600,"height":60}},"image":{"@type":"ImageObject","@id":"https:\/\/www.insaan.cz\/wp-content\/uploads\/hands-2906458_640(1).jpg","url":"https:\/\/www.insaan.cz\/wp-content\/uploads\/hands-2906458_640(1).jpg","height":0,"width":0},"keywords":null},{"@type":"Article","@id":"https:\/\/www.insaan.cz\/da-se-seznamit-na-socialnich-sitich-a-internetu-hledat-tam-muzete-spolecnost-partnera-i-kamarada\/","headline":"D\u00e1 se sezn\u00e1mit na soci\u00e1ln\u00edch s\u00edt\u00edch a internetu? Hledat tam m\u016f\u017eete spole\u010dnost, partnera i kamar\u00e1da!","url":"https:\/\/www.insaan.cz\/da-se-seznamit-na-socialnich-sitich-a-internetu-hledat-tam-muzete-spolecnost-partnera-i-kamarada\/","datePublished":"2023-02-18","dateModified":"2023-05-18","mainEntityOfPage":"https:\/\/www.insaan.cz\/da-se-seznamit-na-socialnich-sitich-a-internetu-hledat-tam-muzete-spolecnost-partnera-i-kamarada\/","author":{"@type":"Person","@id":"https:\/\/www.insaan.cz\/author\/#Person","name":"","url":"https:\/\/www.insaan.cz\/author\/","identifier":1,"image":{"@type":"ImageObject","@id":"https:\/\/secure.gravatar.com\/avatar\/91b1fc57487c55a66a7777af0dd690bf69c571b4a9b15cda0db8854a78b7888c?s=96&d=mm&r=g","url":"https:\/\/secure.gravatar.com\/avatar\/91b1fc57487c55a66a7777af0dd690bf69c571b4a9b15cda0db8854a78b7888c?s=96&d=mm&r=g","height":96,"width":96}},"publisher":{"@type":"Organization","name":"insaan.cz","logo":{"@type":"ImageObject","@id":"\/logo.png","url":"\/logo.png","width":600,"height":60}},"image":{"@type":"ImageObject","@id":"https:\/\/www.insaan.cz\/wp-content\/uploads\/pexels-photo-5255635.jpeg","url":"https:\/\/www.insaan.cz\/wp-content\/uploads\/pexels-photo-5255635.jpeg","height":0,"width":0},"keywords":null},{"@type":"Article","@id":"https:\/\/www.insaan.cz\/spolecnost-muze-mit-vliv-i-na-to-proc-si-s-vasim-ditetem-nerozumite\/","headline":"Spole\u010dnost m\u016f\u017ee m\u00edt vliv i na to, pro\u010d si s va\u0161im d\u00edt\u011btem nerozum\u00edte","url":"https:\/\/www.insaan.cz\/spolecnost-muze-mit-vliv-i-na-to-proc-si-s-vasim-ditetem-nerozumite\/","datePublished":"2022-12-27","dateModified":"2023-09-28","mainEntityOfPage":"https:\/\/www.insaan.cz\/spolecnost-muze-mit-vliv-i-na-to-proc-si-s-vasim-ditetem-nerozumite\/","author":{"@type":"Person","@id":"https:\/\/www.insaan.cz\/author\/#Person","name":"","url":"https:\/\/www.insaan.cz\/author\/","identifier":1,"image":{"@type":"ImageObject","@id":"https:\/\/secure.gravatar.com\/avatar\/91b1fc57487c55a66a7777af0dd690bf69c571b4a9b15cda0db8854a78b7888c?s=96&d=mm&r=g","url":"https:\/\/secure.gravatar.com\/avatar\/91b1fc57487c55a66a7777af0dd690bf69c571b4a9b15cda0db8854a78b7888c?s=96&d=mm&r=g","height":96,"width":96}},"publisher":{"@type":"Organization","name":"insaan.cz","logo":{"@type":"ImageObject","@id":"\/logo.png","url":"\/logo.png","width":600,"height":60}},"image":{"@type":"ImageObject","@id":"https:\/\/www.insaan.cz\/wp-content\/uploads\/kids-1093758_1280.jpg","url":"https:\/\/www.insaan.cz\/wp-content\/uploads\/kids-1093758_1280.jpg","height":0,"width":0},"keywords":null},{"@type":"Article","@id":"https:\/\/www.insaan.cz\/vanocni-vyzdoba-adventni-venec\/","headline":"V\u00e1no\u010dn\u00ed v\u00fdzdoba \u2013 adventn\u00ed v\u011bnec","url":"https:\/\/www.insaan.cz\/vanocni-vyzdoba-adventni-venec\/","datePublished":"2022-05-28","dateModified":"2022-05-28","mainEntityOfPage":"https:\/\/www.insaan.cz\/vanocni-vyzdoba-adventni-venec\/","author":{"@type":"Person","@id":"https:\/\/www.insaan.cz\/author\/#Person","name":"","url":"https:\/\/www.insaan.cz\/author\/","identifier":1,"image":{"@type":"ImageObject","@id":"https:\/\/secure.gravatar.com\/avatar\/91b1fc57487c55a66a7777af0dd690bf69c571b4a9b15cda0db8854a78b7888c?s=96&d=mm&r=g","url":"https:\/\/secure.gravatar.com\/avatar\/91b1fc57487c55a66a7777af0dd690bf69c571b4a9b15cda0db8854a78b7888c?s=96&d=mm&r=g","height":96,"width":96}},"publisher":{"@type":"Organization","name":"insaan.cz","logo":{"@type":"ImageObject","@id":"\/logo.png","url":"\/logo.png","width":600,"height":60}},"image":{"@type":"ImageObject","@id":"https:\/\/www.insaan.cz\/wp-content\/uploads\/adventni_vyzdoba.jpg","url":"https:\/\/www.insaan.cz\/wp-content\/uploads\/adventni_vyzdoba.jpg","height":0,"width":0},"keywords":null}]}