[{"@context":"https:\/\/schema.org\/","@type":"Article","@id":"https:\/\/www.insaan.cz\/teplo-i-pri-mrazu\/#Article","mainEntityOfPage":"https:\/\/www.insaan.cz\/teplo-i-pri-mrazu\/","headline":"Teplo i p\u0159i mrazu","name":"Teplo i p\u0159i mrazu","description":"Proto\u017ee v \u010cesku nejsme zvykl\u00ed na opravdu n\u00edzk\u00e9 teploty, sta\u010d\u00ed aby teplota venku klesla pod nulu a u\u017e","datePublished":"2024-10-14","dateModified":"2024-10-14","author":{"@type":"Person","@id":"https:\/\/www.insaan.cz\/author\/#Person","name":"","url":"https:\/\/www.insaan.cz\/author\/","identifier":1,"image":{"@type":"ImageObject","@id":"https:\/\/secure.gravatar.com\/avatar\/91b1fc57487c55a66a7777af0dd690bf69c571b4a9b15cda0db8854a78b7888c?s=96&d=mm&r=g","url":"https:\/\/secure.gravatar.com\/avatar\/91b1fc57487c55a66a7777af0dd690bf69c571b4a9b15cda0db8854a78b7888c?s=96&d=mm&r=g","height":96,"width":96}},"publisher":{"@type":"Organization","name":"insaan.cz","logo":{"@type":"ImageObject","@id":"\/logo.png","url":"\/logo.png","width":600,"height":60}},"image":{"@type":"ImageObject","@id":"https:\/\/www.insaan.cz\/wp-content\/uploads\/sisters-3677351_640_3.jpg","url":"https:\/\/www.insaan.cz\/wp-content\/uploads\/sisters-3677351_640_3.jpg","height":0,"width":0},"url":"https:\/\/www.insaan.cz\/teplo-i-pri-mrazu\/","about":["Produkty"],"wordCount":414,"articleBody":"      Proto\u017ee v \u010cesku nejsme zvykl\u00ed na opravdu n\u00edzk\u00e9 teploty, sta\u010d\u00ed aby teplota venku klesla pod nulu a u\u017e je v\u011bt\u0161in\u011b lid\u00ed zima. Je pot\u0159eba udr\u017eet v teple hlavn\u011b mal\u00e9 d\u011bti, kter\u00e9 snadno prochladnout. Je opravdu d\u016fle\u017eit\u00e9 vyb\u00edrat jim kvalitn\u00ed zimn\u00ed oble\u010den\u00ed a spr\u00e1vn\u011b vrstvit jednotliv\u00e9 kousky. U\u017e i na\u0161e babi\u010dky v\u011bd\u011bly, \u017ee je mnohem lep\u0161\u00ed obl\u00e9kat v\u00edce ten\u010d\u00edch vrstev ne\u017e m\u00e9n\u011b tlust\u00fdch. Proto je pot\u0159eba m\u00edt v \u0161atn\u00edku nejen kvalitn\u00ed zimn\u00ed spodn\u00ed pr\u00e1dlo, kter\u00e9 je naprost\u00fdm z\u00e1kladem, ale i kvalitn\u00ed svrchn\u00ed kousky. I kdy\u017e u n\u00e1s b\u00fdvaj\u00ed zimy sp\u00ed\u0161e su\u0161\u0161\u00ed a hromady sn\u011bhu jsou tu sp\u00ed\u0161e v\u00fdjimkou, je lep\u0161\u00ed m\u00edt v ka\u017ed\u00e9m p\u0159\u00edpad\u011b nepromokav\u00e9 zimn\u00ed oble\u010den\u00ed.Dbejte na to hlavn\u011b u d\u011bt\u00ed, kter\u00fdm byste m\u011bli po\u0159\u00eddit nejl\u00e9pe nepromokavou kombin\u00e9zu, kter\u00e1 je udr\u017e\u00ed v suchu i p\u0159i pobytu ve sn\u011bhu. Kvalitn\u00ed dostate\u010dn\u011b zateplen\u00e1 kombin\u00e9za s nepromokavou \u00fapravou je pro mal\u00e9 d\u011bti na zimu naprosto ide\u00e1ln\u00ed. Velice popul\u00e1rn\u00edm zimn\u00ed bundou je didriksons thelma. Je to v\u00fdrobce, kter\u00fd db\u00e1 nejen na vzhled, ale p\u0159edev\u0161\u00edm na funk\u010dnost sv\u00fdch v\u00fdrobk\u016f. Najdete u n\u011bj d\u00e1msk\u00e9, p\u00e1nsk\u00e9 i d\u011btsk\u00e9 oble\u010den\u00ed. U d\u011btsk\u00e9ho oble\u010den\u00ed m\u00e1te tu v\u00fdhodu, \u017ee v\u00e1m vydr\u017e\u00ed v\u00edce ne\u017e jednu sezonu, sta\u010d\u00ed toti\u017e vyp\u00e1rat jednu \u0159adu \u0161v\u016f, a prodlou\u017e\u00edte t\u00edm d\u00e9lku ruk\u00e1v\u016f. Pr\u00e1v\u011b ruk\u00e1vy b\u00fdvaj\u00ed u d\u011btsk\u00e9ho oble\u010den\u00ed k\u00e1men \u00farazu, proto\u017ee jednu sezonu oble\u010den\u00ed padne jako ulit\u00e9 a druh\u00fd rok u\u017e jsou ruk\u00e1vy kr\u00e1tk\u00e9. Kupovat bundu s p\u0159\u00edli\u0161 dlouh\u00fdmi ruk\u00e1vy nen\u00ed dobr\u00e9 \u0159e\u0161en\u00ed, proto\u017ee bunda nesed\u00ed, jak m\u00e1 a d\u00edt\u011b se v n\u00ed nec\u00edt\u00ed dob\u0159e. Vybavte sv\u00e9 d\u011bti kvalitn\u00edm zimn\u00edm oble\u010den\u00edm, kter\u00e9 je pro pohodov\u00e9 zvl\u00e1dnut\u00ed zimn\u00edho obdob\u00ed naprosto nezbytn\u00e9. Vyu\u017eijte slevy a nakupte oble\u010den\u00ed za je\u0161t\u011b ni\u017e\u0161\u00ed ceny, kter\u00e9 pot\u011b\u0161\u00ed celou rodinu. Oble\u010dete u n\u00e1s mal\u00e9 sle\u010dny i kluky a vyberte jim zimn\u00ed bundu nebo kab\u00e1t, kter\u00fd je zah\u0159eje. V\u00e1s pot\u011b\u0161\u00ed ni\u017e\u0161\u00ed ceny za kvalitn\u00ed zimn\u00ed oble\u010den\u00ed, kter\u00e9 je proslul\u00e9 po cel\u00e9m sv\u011bt\u011b.                                                                                                                                                                                                                                                                                                                                                                                          4.5\/5 - (12 votes)        "},{"@context":"https:\/\/schema.org\/","@type":"BreadcrumbList","itemListElement":[{"@type":"ListItem","position":1,"name":"Teplo i p\u0159i mrazu","item":"https:\/\/www.insaan.cz\/teplo-i-pri-mrazu\/#breadcrumbitem"}]}]