[{"@context":"https:\/\/schema.org\/","@type":"Article","@id":"https:\/\/www.insaan.cz\/v-pripade-vyklizeni-je-vhodne-vyuzit-kontakt\/#Article","mainEntityOfPage":"https:\/\/www.insaan.cz\/v-pripade-vyklizeni-je-vhodne-vyuzit-kontakt\/","headline":"V p\u0159\u00edpad\u011b vykl\u00edzen\u00ed je vhodn\u00e9 vyu\u017e\u00edt kontakt","name":"V p\u0159\u00edpad\u011b vykl\u00edzen\u00ed je vhodn\u00e9 vyu\u017e\u00edt kontakt","description":"N\u011bkdy se stane, \u017ee se \u010dlov\u011bk m\u016f\u017ee dostat do situace, kdy bude pot\u0159eba, aby vyklidil d\u016fm nebo byt.","datePublished":"2022-11-14","dateModified":"2022-11-14","author":{"@type":"Person","@id":"https:\/\/www.insaan.cz\/author\/#Person","name":"","url":"https:\/\/www.insaan.cz\/author\/","identifier":1,"image":{"@type":"ImageObject","@id":"https:\/\/secure.gravatar.com\/avatar\/91b1fc57487c55a66a7777af0dd690bf69c571b4a9b15cda0db8854a78b7888c?s=96&d=mm&r=g","url":"https:\/\/secure.gravatar.com\/avatar\/91b1fc57487c55a66a7777af0dd690bf69c571b4a9b15cda0db8854a78b7888c?s=96&d=mm&r=g","height":96,"width":96}},"publisher":{"@type":"Organization","name":"insaan.cz","logo":{"@type":"ImageObject","@id":"\/logo.png","url":"\/logo.png","width":600,"height":60}},"image":{"@type":"ImageObject","@id":"https:\/\/www.insaan.cz\/wp-content\/uploads\/kont.JPG","url":"https:\/\/www.insaan.cz\/wp-content\/uploads\/kont.JPG","height":0,"width":0},"url":"https:\/\/www.insaan.cz\/v-pripade-vyklizeni-je-vhodne-vyuzit-kontakt\/","about":["Slu\u017eby"],"wordCount":441,"articleBody":"   N\u011bkdy se stane, \u017ee se \u010dlov\u011bk m\u016f\u017ee dostat do situace, kdy bude pot\u0159eba, aby vyklidil d\u016fm nebo byt. M\u016f\u017ee se jednat o byt \u010di d\u016fm dan\u00e9ho \u010dlov\u011bka, nebo tak\u00e9 n\u011bjak\u00e9ho rodinn\u00e9ho p\u0159\u00edslu\u0161n\u00edka a pokud jste jedin\u00fdm \u010dlov\u011bkem, kter\u00e9ho dan\u00fd p\u0159\u00edslu\u0161n\u00edk m\u00e1 nebo m\u011bl, je skute\u010dn\u011b mo\u017en\u00e9, \u017ee n\u011bco takov\u00e9ho z\u016fstane na v\u00e1s. \u010clov\u011bk nikdy nev\u00ed, kdy se bude pot\u00fdkat s t\u00edm, \u017ee bude muset vyklidit n\u011b\u010d\u00ed d\u016fm nebo byt, jeliko\u017e dan\u00fd \u010dlov\u011bk nap\u0159\u00edklad odejde ze sv\u011bta. Bohu\u017eel se takov\u00e9 v\u011bci d\u011bj\u00ed a je pot\u0159eba, aby se o poz\u016fstal\u00e9 v\u011bci n\u011bkdo postaral a nalo\u017eil s nimi dle uv\u00e1\u017een\u00ed. Pokud byste s n\u011b\u010d\u00edm takov\u00fdm pot\u0159ebovali pomoct, nebo byste byli nejrad\u011bji, pokud by n\u011bkdo n\u011bco takov\u00e9ho vy\u0159\u00eddil za v\u00e1s, m\u016f\u017eete vyu\u017e\u00edt kontakt na spole\u010dnost, kter\u00e1 n\u011bco takov\u00e9ho, jako je vykl\u00edzen\u00ed v\u011bc\u00ed, ud\u011bl\u00e1 za v\u00e1s. Jestli\u017ee jste nav\u00edc rozhodnuti, \u017ee v\u0161echny v\u011bci p\u0159ijdou vyhodit, ur\u010dit\u011b nem\u011bjte obavy, \u017ee by se o n\u011bco takov\u00e9ho dan\u00e1 spole\u010dnost nepostarala. Jist\u011b se o v\u0161e pot\u0159ebn\u00e9 postar\u00e1.Nebojte se vyu\u017e\u00edt kontaktu v p\u0159\u00edpad\u011b, \u017ee byste pot\u0159ebovali, aby n\u011bkdo v\u011bci, kter\u00e9 se t\u00fdkaj\u00ed vykl\u00edzen\u00ed, ud\u011blal za v\u00e1s. Jestli\u017ee na n\u011bco takov\u00e9ho nem\u00e1te \u010das, co\u017e se klidn\u011b m\u016f\u017ee st\u00e1t, opravdu se nebojte toho, \u017ee by se nena\u0161el n\u011bkdo, kdo by v\u0161e vyklidil tak, jak po\u017eadujete. Jsou spole\u010dnosti, kter\u00e9 jsou ve vykl\u00edzen\u00ed opravdu \u0161ikovn\u00e9 a kter\u00e9 jsou nap\u0159\u00edklad schopny za jedin\u00fd den vyklidit cel\u00fd byt. V p\u0159\u00edpad\u011b domu by n\u011bco takov\u00e9ho mo\u017en\u00e1 trvalo d\u00e9le, ale rozhodn\u011b to nebude probl\u00e9m.Kontaktujte Vyklizeniexpres.cz i vy spole\u010dnost, kter\u00e1 se zab\u00fdv\u00e1 vykl\u00edzen\u00edm, aby byl dan\u00fd byt \u010di d\u016fm nachystan\u00fd nap\u0159\u00edklad k prodeji. Pokud je na v\u00e1s, abyste se rozhodli, co s dan\u00fdm domem nebo bytem ud\u011blat, nebylo by na \u0161kodu, pokud byste se pr\u00e1v\u011b vy rozhodli na dan\u00e9 m\u00edsto nast\u011bhovat, nebo n\u011bco takov\u00e9ho alespo\u0148 pronaj\u00edmat.Je ale na v\u00e1s, jak se rozhodnete. \u010clov\u011bk ale mus\u00ed prve vy\u0159e\u0161it samotn\u00e9 vykl\u00edzen\u00ed, aby bylo mo\u017en\u00e9 s dan\u00fdm domem nebo bytem d\u00e1le pracovat.                                                                                                                                                                                                                                                                                                                                                                                          4.8\/5 - (5 votes)        "},{"@context":"https:\/\/schema.org\/","@type":"BreadcrumbList","itemListElement":[{"@type":"ListItem","position":1,"name":"V p\u0159\u00edpad\u011b vykl\u00edzen\u00ed je vhodn\u00e9 vyu\u017e\u00edt kontakt","item":"https:\/\/www.insaan.cz\/v-pripade-vyklizeni-je-vhodne-vyuzit-kontakt\/#breadcrumbitem"}]}]