[{"@context":"https:\/\/schema.org\/","@type":"Article","@id":"https:\/\/www.insaan.cz\/vubec-vas-to-tam-netahlo\/#Article","mainEntityOfPage":"https:\/\/www.insaan.cz\/vubec-vas-to-tam-netahlo\/","headline":"V\u016fbec v\u00e1s to tam net\u00e1hlo","name":"V\u016fbec v\u00e1s to tam net\u00e1hlo","description":"Tak i p\u0159esto, \u017ee letos se v\u00e1m na v\u00e1\u0161 podzimn\u00ed firemn\u00ed ve\u010d\u00edrek v\u016fbec necht\u011blo a \u0161la jste tam","datePublished":"2024-11-02","dateModified":"2024-11-02","author":{"@type":"Person","@id":"https:\/\/www.insaan.cz\/author\/#Person","name":"","url":"https:\/\/www.insaan.cz\/author\/","identifier":1,"image":{"@type":"ImageObject","@id":"https:\/\/secure.gravatar.com\/avatar\/91b1fc57487c55a66a7777af0dd690bf69c571b4a9b15cda0db8854a78b7888c?s=96&d=mm&r=g","url":"https:\/\/secure.gravatar.com\/avatar\/91b1fc57487c55a66a7777af0dd690bf69c571b4a9b15cda0db8854a78b7888c?s=96&d=mm&r=g","height":96,"width":96}},"publisher":{"@type":"Organization","name":"insaan.cz","logo":{"@type":"ImageObject","@id":"\/logo.png","url":"\/logo.png","width":600,"height":60}},"url":"https:\/\/www.insaan.cz\/vubec-vas-to-tam-netahlo\/","wordCount":251,"articleBody":"\tTak i p\u0159esto, \u017ee letos se v\u00e1m na v\u00e1\u0161 podzimn\u00ed firemn\u00ed ve\u010d\u00edrek v\u016fbec necht\u011blo a \u0161la jste tam v\u00a0podstat\u011b jen z\u00a0povinnosti, tak mus\u00edte \u0159\u00edct, \u017ee se v\u00e1m tam celkov\u011b velmi da\u0159ilo. Jednalo se toti\u017e o stra\u0161ideln\u00fd b\u00e1l. V\u00e1\u0161 \u0161\u00e9f je ve sv\u00e9m nitru takov\u00e9 mal\u00e9 nevinn\u00e9 d\u00edt\u011b, tak\u017ee se ka\u017ed\u00fd rok bav\u00ed t\u00edm, \u017ee vym\u00fd\u0161l\u00ed netradi\u010dn\u00ed t\u00e9mata firemn\u00edch ples\u016f. No a letos vymyslel pr\u00e1v\u011b toto. Ale v\u00e1m to zase tak moc nevadilo, nebo\u0165 jste v\u011bd\u011bla, \u017ee sehnat stra\u0161idelnou masku nebude nijak zvl\u00e1\u0161\u0165 t\u011b\u017ek\u00e9 a rozhodn\u011b to bude p\u0159\u00edjemn\u011bj\u0161\u00ed ne\u017e j\u00edt za laskonku jako minule, kdy\u017e jste k\u0159ep\u010dili na t\u00e9ma sladk\u00fd \u017eivot.\tVa\u0161e maska zv\u00edt\u011bzilaA dokonce se stalo to, co jste ani ne\u010dekala, v\u00a0kost\u00fdmu \u010darod\u011bjnice v\u00e1s porota vybrala do fin\u00e1le sout\u011b\u017ee o nejlep\u0161\u00ed masku, ve kter\u00e9 jste nakonec zv\u00edt\u011bzila. Tak\u017ee jste si dom\u016f odn\u00e1\u0161ela sladk\u00fd \u0161leha\u010dkov\u00fd dort, co\u017e druh\u00fd den r\u00e1no ocenily p\u0159edev\u0161\u00edm va\u0161e mal\u00e9 d\u011bti. Tak\u017ee to vypad\u00e1, \u017ee p\u0159\u00ed\u0161t\u011b u\u017e se firemn\u00edmu ve\u010d\u00edrku rozhodn\u011b nevyhnete. Nyn\u00ed u\u017e v\u00e1s do n\u011bj budou tla\u010dit nejen slu\u017eebn\u00ed a spole\u010densk\u00e9 povinnosti, ale tak\u00e9 va\u0161e ratolesti, kter\u00e9 budou doufat, \u017ee jim op\u011bt p\u0159inesete podobnou sladkou v\u00fdhru.                                                                                                                                                                                                                                                                                                                                                                                        4\/5 - (3 votes)        "},{"@context":"https:\/\/schema.org\/","@type":"BreadcrumbList","itemListElement":[{"@type":"ListItem","position":1,"name":"V\u016fbec v\u00e1s to tam net\u00e1hlo","item":"https:\/\/www.insaan.cz\/vubec-vas-to-tam-netahlo\/#breadcrumbitem"}]}]